{"id":2541,"date":"2024-02-20T17:13:56","date_gmt":"2024-02-20T16:13:56","guid":{"rendered":"https:\/\/serbenidorm.daliisolutions.com\/index.php\/2024\/02\/20\/javier-pascual-premio-radio-benidorm-en-educacion\/"},"modified":"2024-02-20T17:13:56","modified_gmt":"2024-02-20T16:13:56","slug":"javier-pascual-premio-radio-benidorm-en-educacion","status":"publish","type":"post","link":"https:\/\/serbenidorm.daliisolutions.com\/index.php\/2024\/02\/20\/javier-pascual-premio-radio-benidorm-en-educacion\/","title":{"rendered":"Javier Pascual, Premio Radio Benidorm en Educaci\u00f3n"},"content":{"rendered":"  <p>L&#8217;Alf\u00e0s del Pi<\/p>   <p>El profesor alfasino Javier Pascual recibe este 2024 el <a href=\"https:\/\/cadenaser.com\/comunitat-valenciana\/2024\/02\/14\/conoce-a-los-ganadores-de-la-ii-edicion-de-los-premios-radio-benidorm-radio-benidorm\/\" target=\"_blank\" rel=\"noopener\">Premio Radio Benidorm <\/a>en la categor\u00eda de Educaci\u00f3n.<\/p>   <p>Este profesor vocacional, maestro y gu\u00eda de varias generaciones de alumnos en L\u2019Alf\u00e0s del Pi ha explicado a Hoy por Hoy Benidorm que por sus clases han pasado padres, hijos y hasta nietos. Asegura que la docencia es su gran vocaci\u00f3n y, a pesar de haberse jubilado, sigue muy vinculado a la ense\u00f1anza a trav\u00e9s de otros proyectos y cursos.<\/p>   <p>Recibe este premio por su trayectoria y por unir sus dos pasiones, la ense\u00f1anza y el cine, <a href=\"https:\/\/cadenaser.com\/comunitat-valenciana\/2023\/10\/06\/el-corto-alfasino-mes-veles-mes-vents-lidera-con-mas-de-3000-vistas-el-concurso-de-la-mice-radio-benidorm\/\" target=\"_blank\" rel=\"noopener\">en un proyecto con el que se encarga de sensibilizar a alumnos, padres y profesores sobre los peligros y consecuencias del acoso escolar y violencia en las aulas.<\/a><\/p>   <p>Javier Pascual cuenta a Radio Benidorm c\u00f3mo muchas veces expone su propia experiencia personal para romper la barrera entre profesor y alumno y conseguir despertar la empat\u00eda mutua. \u201cCuento que mi madre no trabajaba y luego pregunto a mis alumnos si sus madres no trabajan y siempre hay varios que levantan la mano. Luego explico todo el trabajo no remunerado que hac\u00eda mi madre como ama de casa y gestora de la familia y les pregunto si realmente sus madres no trabajan y les hago pensar. Trabajo desde una perspectiva de g\u00e9nero y del uso correcto del lenguaje para eliminar micro machismo\u201d, explica.<\/p>   <p>A lo largo de sus d\u00e9cadas como profesor ha observado cambios tanto en la forma de educar como en el comportamiento de los alumnos. Ha pasado de la pizarra y la tiza a las pizarras y dispositivos digitales y reconoce que las nuevas generaciones manejan mucho mejor las nuevas tecnolog\u00edas que los docentes \u201cque tenemos que ponernos al d\u00eda a marchas forzadas\u201d.<\/p>   <p>En la parte positiva destaca que la Educaci\u00f3n ha evolucionado y \u201cel enfoque ha cambiado porque ya no se trata solo de memorizar\u201d sino que ahora se busca hacer pensar al alumno y que desarrolle su capacidad de an\u00e1lisis y \u201cempezar a ser cr\u00edtico con lo que te dan\u201d.<\/p>   <p>Tambi\u00e9n advierte que el mal uso de estos dispositivos y el escaso control que, en muchas ocasiones, ejercen los padres, muchas veces por falta de tiempo, est\u00e1 provocando un aumento de comportamientos machistas en las aulas. \u201cOtra de las preguntas que formulo es si alg\u00fan alumno ha dado la contrase\u00f1a de su movil a su pareja y siempre hay varias chicas que dicen que s\u00ed y que es porque el novio se la ha pedido. Sin embargo, las chicas no suelen pedir las contrase\u00f1as a los novios. Lo que me parece m\u00e1s grave es que me he encontrado casos en los que, adem\u00e1s, el chico ten\u00eda acceso a la geolocalizaci\u00f3n de la novia. Muchas veces los padres no tienen ni idea de que esto est\u00e1 pasando\u201d, relata este maestro seg\u00fan su experiencia.<\/p>   <p>Por todo ello Javier Pascual sigue tratando de buscar la motivaci\u00f3n del alumno y de hacerle pensar y de hablar un lenguaje cercano para \u201chacerles evolucionar\u201d.<\/p>   <p>Recoger\u00e1 su premio el pr\u00f3ximo 6 de marzo en la<a href=\"https:\/\/cadenaser.com\/comunitat-valenciana\/2024\/02\/16\/el-xato-premio-radio-benidorm-en-gastronomia-radio-benidorm\/\" target=\"_blank\" rel=\"noopener\"> II Gala de entrega de los Premios Radio Benidorm<\/a><\/p> ","protected":false},"excerpt":{"rendered":"<p>Recibe el premio por unir sus dos pasiones, la ense\u00f1anza y el cine en un proyecto con que sensibiliza a alumnos, padres y profesores sobre los peligros del acoso escolar<\/p>\n","protected":false},"author":0,"featured_media":2542,"comment_status":"open","ping_status":"open","sticky":false,"template":"","format":"standard","meta":{"_acf_changed":false,"footnotes":""},"categories":[1],"tags":[],"class_list":["post-2541","post","type-post","status-publish","format-standard","has-post-thumbnail","hentry","category-sin-categoria"],"acf":{"ser_id":"GHEEXT7SWJFS3GZG4Y4VPXKZKM","ser_url":"https:\/\/cadenaser.com\/comunitat-valenciana\/2024\/02\/20\/javier-pascual-premio-radio-benidorm-en-educacion-radio-benidorm\/"},"_links":{"self":[{"href":"https:\/\/serbenidorm.daliisolutions.com\/index.php\/wp-json\/wp\/v2\/posts\/2541","targetHints":{"allow":["GET"]}}],"collection":[{"href":"https:\/\/serbenidorm.daliisolutions.com\/index.php\/wp-json\/wp\/v2\/posts"}],"about":[{"href":"https:\/\/serbenidorm.daliisolutions.com\/index.php\/wp-json\/wp\/v2\/types\/post"}],"replies":[{"embeddable":true,"href":"https:\/\/serbenidorm.daliisolutions.com\/index.php\/wp-json\/wp\/v2\/comments?post=2541"}],"version-history":[{"count":0,"href":"https:\/\/serbenidorm.daliisolutions.com\/index.php\/wp-json\/wp\/v2\/posts\/2541\/revisions"}],"wp:featuredmedia":[{"embeddable":true,"href":"https:\/\/serbenidorm.daliisolutions.com\/index.php\/wp-json\/wp\/v2\/media\/2542"}],"wp:attachment":[{"href":"https:\/\/serbenidorm.daliisolutions.com\/index.php\/wp-json\/wp\/v2\/media?parent=2541"}],"wp:term":[{"taxonomy":"category","embeddable":true,"href":"https:\/\/serbenidorm.daliisolutions.com\/index.php\/wp-json\/wp\/v2\/categories?post=2541"},{"taxonomy":"post_tag","embeddable":true,"href":"https:\/\/serbenidorm.daliisolutions.com\/index.php\/wp-json\/wp\/v2\/tags?post=2541"}],"curies":[{"name":"wp","href":"https:\/\/api.w.org\/{rel}","templated":true}]}}