{"id":25432,"date":"2026-08-24T09:06:07","date_gmt":"2026-08-24T07:06:07","guid":{"rendered":"https:\/\/serbenidorm.daliisolutions.com\/index.php\/2026\/08\/24\/doble-empate-del-c-f-benidorm-a-la-espera-del-arranque-liguero\/"},"modified":"2026-08-24T09:06:07","modified_gmt":"2026-08-24T07:06:07","slug":"doble-empate-del-c-f-benidorm-a-la-espera-del-arranque-liguero","status":"publish","type":"post","link":"https:\/\/serbenidorm.daliisolutions.com\/index.php\/2026\/08\/24\/doble-empate-del-c-f-benidorm-a-la-espera-del-arranque-liguero\/","title":{"rendered":"Doble empate del C.F. Benidorm a la espera del arranque liguero"},"content":{"rendered":" <p class=\"wp-block-paragraph\">El C.F. Benidorm sigue ultimando su preparaci\u00f3n de cara al arranque de la competici\u00f3n en la Lliga Comunitat, que se producir\u00e1 el d\u00eda 6 de septiembre (12:00 horas) en el Guillermo Amor ante el J\u00e1vea, y lo ha hecho con doble raci\u00f3n de amistosos durante el pasado fin de semana.<\/p>  <p class=\"wp-block-paragraph\">El primer de ellos, disputado en la tarde del viernes, sirvi\u00f3 para volver a encontrarse con su afici\u00f3n y con el H\u00e9rcules B como rival, ante el que los de Sergio Mora arrancaron un empate a cero en un choque en el que el conjunto benidormense dispuso del control del juego y de las mejores oportunidades.<\/p>  <p class=\"wp-block-paragraph\">Fue tambi\u00e9n un partido, especialmente durante la segunda mitad, en el que los dos equipos introdujeron numerosos cambios para continuar con las probaturas habituales de estos primeros compases del curso deportivo antes de afrontar la competici\u00f3n oficial.<\/p>  <p class=\"wp-block-paragraph\">Apenas 24 horas despu\u00e9s de ese debut en casa, el C.F. Benidorm volvi\u00f3 a saltar al c\u00e9sped, en este caso ante el Villena y en casa de este \u00faltimo, en un partido que termin\u00f3 con empate a un gol y en el que los benidormenses acabar\u00edan haci\u00e9ndose con la victoria en la tanda de penaltis por 2-4.<\/p>  <p class=\"wp-block-paragraph\">El pr\u00f3ximo viernes (19:00 horas) el C.F. Benidorm volver\u00e1 al Guillermo Amor para v\u00e9rselas con el Elche Ilicitano.<\/p> ","protected":false},"excerpt":{"rendered":"<p>Los de Sergio Mora estrenaron su andadura en el Guillermo Amor en un partido sin goles ante el H\u00e9rcules B<\/p>\n","protected":false},"author":0,"featured_media":25433,"comment_status":"","ping_status":"open","sticky":false,"template":"","format":"standard","meta":{"_acf_changed":false,"footnotes":""},"categories":[16],"tags":[],"class_list":["post-25432","post","type-post","status-publish","format-standard","has-post-thumbnail","hentry","category-deportes"],"acf":{"ser_id":"IK3TNA7QKNGMPF6FU64AHP3XHU","ser_url":"https:\/\/cadenaser.com\/comunitat-valenciana\/2026\/08\/24\/doble-empate-del-cf-benidorm-a-la-espera-del-arranque-liguero-radio-benidorm\/"},"_links":{"self":[{"href":"https:\/\/serbenidorm.daliisolutions.com\/index.php\/wp-json\/wp\/v2\/posts\/25432","targetHints":{"allow":["GET"]}}],"collection":[{"href":"https:\/\/serbenidorm.daliisolutions.com\/index.php\/wp-json\/wp\/v2\/posts"}],"about":[{"href":"https:\/\/serbenidorm.daliisolutions.com\/index.php\/wp-json\/wp\/v2\/types\/post"}],"replies":[{"embeddable":true,"href":"https:\/\/serbenidorm.daliisolutions.com\/index.php\/wp-json\/wp\/v2\/comments?post=25432"}],"version-history":[{"count":0,"href":"https:\/\/serbenidorm.daliisolutions.com\/index.php\/wp-json\/wp\/v2\/posts\/25432\/revisions"}],"wp:featuredmedia":[{"embeddable":true,"href":"https:\/\/serbenidorm.daliisolutions.com\/index.php\/wp-json\/wp\/v2\/media\/25433"}],"wp:attachment":[{"href":"https:\/\/serbenidorm.daliisolutions.com\/index.php\/wp-json\/wp\/v2\/media?parent=25432"}],"wp:term":[{"taxonomy":"category","embeddable":true,"href":"https:\/\/serbenidorm.daliisolutions.com\/index.php\/wp-json\/wp\/v2\/categories?post=25432"},{"taxonomy":"post_tag","embeddable":true,"href":"https:\/\/serbenidorm.daliisolutions.com\/index.php\/wp-json\/wp\/v2\/tags?post=25432"}],"curies":[{"name":"wp","href":"https:\/\/api.w.org\/{rel}","templated":true}]}}