{"id":25434,"date":"2026-08-28T11:16:12","date_gmt":"2026-08-28T09:16:12","guid":{"rendered":"https:\/\/serbenidorm.daliisolutions.com\/index.php\/2026\/08\/28\/los-nepalies-residentes-en-benidorm-y-la-marina-baixa-se-movilizan-tras-las-inundaciones\/"},"modified":"2026-08-28T11:16:12","modified_gmt":"2026-08-28T09:16:12","slug":"los-nepalies-residentes-en-benidorm-y-la-marina-baixa-se-movilizan-tras-las-inundaciones","status":"publish","type":"post","link":"https:\/\/serbenidorm.daliisolutions.com\/index.php\/2026\/08\/28\/los-nepalies-residentes-en-benidorm-y-la-marina-baixa-se-movilizan-tras-las-inundaciones\/","title":{"rendered":"Los nepal\u00edes residentes en Benidorm y la Marina Baixa se movilizan tras las inundaciones"},"content":{"rendered":" <p class=\"wp-block-paragraph\">La comunidad nepal\u00ed en la Marina Baixa ha comenzado a movilizarse para estudiar la forma de ayudar a sus familiares y conocidos en la zona del pa\u00eds asi\u00e1tico afectada por las inundaciones que devastaron este mi\u00e9rcoles la zona del Himalaya, donde las autoridades ya han confirmado al menos 289 muertos y m\u00e1s de 1.500 desaparecidos, entre ellos cuatro turistas espa\u00f1oles.<\/p>  <p class=\"wp-block-paragraph\">Sudip Kharel, de 36 a\u00f1os y residente en el Albir desde hace tres a\u00f1os, ha comentado a <a href=\"https:\/\/cadenaser.com\/tag\/benidorm\/a\/\" target=\"_blank\" rel=\"\" title=\"https:\/\/cadenaser.com\/tag\/benidorm\/a\/\">Radio Benidorm<\/a> que los nepal\u00edes de la Costa Blanca ya han empezado una recaudaci\u00f3n de donaciones para intentar ayudar a sus compatriotas: \u00abEstamos muy preocupados ahora\u00bb. Seg\u00fan los \u00faltimos datos disponibles de la C\u00e1mara de Comercio de Alicante, en la provincia residen 973 ciudadanos nepal\u00edes.<\/p>  <p class=\"wp-block-paragraph\">Sudip es encargado del restaurante Turmeric, en el centro de Benidorm, y a casi 8.000 kil\u00f3metros de su Katmand\u00fa natal explica afectado que est\u00e1 en contacto telef\u00f3nico permanente con su familia y amigos, por fortuna sanos y salvos, al vivir lejos de la zona cero de la cat\u00e1strofe. <\/p>  <p class=\"wp-block-paragraph\">La repentina inundaci\u00f3n tuvo lugar despu\u00e9s del colapso de un lago glaciar en el Himalaya. En este momento los expertos barajan varias hip\u00f3tesis sobre qu\u00e9 produjo la rotura del glaciar, que pudo deberse a un terremoto o a un colapso debido a las altas temperaturas.<\/p> ","protected":false},"excerpt":{"rendered":"<p>Sudip Kharel vive en el Albir desde hace tres a\u00f1os y es encargado de un restaurante de comida indio-nepal\u00ed en el centro de Benidorm<\/p>\n","protected":false},"author":0,"featured_media":25435,"comment_status":"","ping_status":"open","sticky":false,"template":"","format":"standard","meta":{"_acf_changed":false,"footnotes":""},"categories":[1],"tags":[],"class_list":["post-25434","post","type-post","status-publish","format-standard","has-post-thumbnail","hentry","category-sin-categoria"],"acf":{"ser_id":"7YAC2NS37JCSHJNHLJGKYTWGHM","ser_url":"https:\/\/cadenaser.com\/comunitat-valenciana\/2026\/08\/27\/los-nepalies-residentes-en-benidorm-y-la-marina-baixa-se-movilizan-tras-las-inundaciones-radio-benidorm\/"},"_links":{"self":[{"href":"https:\/\/serbenidorm.daliisolutions.com\/index.php\/wp-json\/wp\/v2\/posts\/25434","targetHints":{"allow":["GET"]}}],"collection":[{"href":"https:\/\/serbenidorm.daliisolutions.com\/index.php\/wp-json\/wp\/v2\/posts"}],"about":[{"href":"https:\/\/serbenidorm.daliisolutions.com\/index.php\/wp-json\/wp\/v2\/types\/post"}],"replies":[{"embeddable":true,"href":"https:\/\/serbenidorm.daliisolutions.com\/index.php\/wp-json\/wp\/v2\/comments?post=25434"}],"version-history":[{"count":0,"href":"https:\/\/serbenidorm.daliisolutions.com\/index.php\/wp-json\/wp\/v2\/posts\/25434\/revisions"}],"wp:featuredmedia":[{"embeddable":true,"href":"https:\/\/serbenidorm.daliisolutions.com\/index.php\/wp-json\/wp\/v2\/media\/25435"}],"wp:attachment":[{"href":"https:\/\/serbenidorm.daliisolutions.com\/index.php\/wp-json\/wp\/v2\/media?parent=25434"}],"wp:term":[{"taxonomy":"category","embeddable":true,"href":"https:\/\/serbenidorm.daliisolutions.com\/index.php\/wp-json\/wp\/v2\/categories?post=25434"},{"taxonomy":"post_tag","embeddable":true,"href":"https:\/\/serbenidorm.daliisolutions.com\/index.php\/wp-json\/wp\/v2\/tags?post=25434"}],"curies":[{"name":"wp","href":"https:\/\/api.w.org\/{rel}","templated":true}]}}