{"id":25436,"date":"2026-08-28T11:16:14","date_gmt":"2026-08-28T09:16:14","guid":{"rendered":"https:\/\/serbenidorm.daliisolutions.com\/index.php\/2026\/08\/28\/ya-se-conocen-los-premios-de-turismo-ciudad-de-benidorm-2026\/"},"modified":"2026-08-28T11:16:14","modified_gmt":"2026-08-28T09:16:14","slug":"ya-se-conocen-los-premios-de-turismo-ciudad-de-benidorm-2026","status":"publish","type":"post","link":"https:\/\/serbenidorm.daliisolutions.com\/index.php\/2026\/08\/28\/ya-se-conocen-los-premios-de-turismo-ciudad-de-benidorm-2026\/","title":{"rendered":"Ya se conocen los Premios de Turismo &#8216;Ciudad de Benidorm&#8217; 2026"},"content":{"rendered":" <p class=\"wp-block-paragraph\">El alcalde de Benidorm, Toni P\u00e9rez, ha hecho p\u00fablica este jueves la n\u00f3mina de ganadores de los Premios de Turismo &#8216;Ciudad de Benidorm&#8217; en su edici\u00f3n del 2026 tras el acuerdo de todos los grupos pol\u00edticos del Ayuntamiento. <a href=\"https:\/\/cadenaser.com\/tag\/benidorm\/a\/\" target=\"_blank\" rel=\"\" title=\"https:\/\/cadenaser.com\/tag\/benidorm\/a\/\">Son para la Benidorm Half en categor\u00eda Internacional, McDonald&#8217;s en Nacional, Ale-Hop en Auton\u00f3mico y Autocares Grupo Benidorm en Local<\/a>, as\u00ed como una menci\u00f3n especial a la empresaria local Antonia Aguilar.<\/p>  <p class=\"wp-block-paragraph\">Estas iniciativas y empresas, relacionadas en todos los casos con la promoci\u00f3n de la ciudad, cogen el testigo de los reconocidos en la anterior edici\u00f3n: el turoperador Jet2Holidays, el Grupo Social ONCE, la Asociaci\u00f3n Valenciana de Empresarios (AVE), los hosteleros locales (ABRECA) y el empresario Vicente Climent Llorca, del Benidorm Palace, a t\u00edtulo p\u00f3stumo. <\/p>  <p class=\"wp-block-paragraph\">Los &#8216;Ciudad de Benidorm&#8217; se entregar\u00e1n el viernes 25 de septiembre, seg\u00fan ha precisado P\u00e9rez, como antesala a la celebraci\u00f3n, el domingo 27, del D\u00eda Mundial del Turismo.<\/p>  <p class=\"wp-block-paragraph\">En un comunicado el consistorio de la capital tur\u00edstica ha desarrollado e fallo y ha destacado, por ejemplo, que la Benidorm Half se ha consolidado como la carrera m\u00e1s importante por volumen de inscritos de toda la provincia de Alicante y una de las m\u00e1s atractivas de Espa\u00f1a, impulsada sobre todo por el p\u00fablico extranjero. Con modalidades de media marat\u00f3n y de 10K, la prueba que se celebra en el mes de noviembre super\u00f3 los 9.000 atletas en su pasada edici\u00f3n.<\/p>  <p class=\"wp-block-paragraph\">La distinci\u00f3n tambi\u00e9n reconoce a McDonald\u2019s Espa\u00f1a por &#8216;Mitiqu\u00edsimo&#8217;, la campa\u00f1a estival lanzada el pasado julio e ideada por la agencia creativa &amp;Ros\u00e0s, que es toda una oda nost\u00e1lgica al costumbrismo y a los iconos del verano espa\u00f1ol, buscando conectar emocionalmente las tradiciones de las vacaciones con los productos m\u00e1s emblem\u00e1ticos de la marca. En dicha campa\u00f1a, que ha contado entre otras con la televisiva Bel\u00e9n Esteban y las creadoras de contenido Aitana Soriano y Elena Gortari, Benidorm est\u00e1 expl\u00edcitamente homenajeada como uno de los grandes e indiscutibles hitos del costumbrismo estival en Espa\u00f1a, situ\u00e1ndose en un principal nivel de arraigo de los hitos del verano y proyectando el nombre y la identidad de la ciudad.<\/p>  <p class=\"wp-block-paragraph\">En categor\u00eda Auton\u00f3mica, la distinci\u00f3n recaer\u00e1 en la compa\u00f1\u00eda ALE-HOP, una de las multinacionales de retail m\u00e1s exitosas de Espa\u00f1a, nacida en 2001 en Gata de Gorgos y c\u00e9lebre por la gran vaca de pl\u00e1stico que custodia la entrada de todos sus locales. Aunque su primera tienda abri\u00f3 en la calle de la Paz en Val\u00e8ncia, el verdadero \u00e9xito comercial y la validaci\u00f3n de su modelo masivo ocurri\u00f3 con la apertura de su tienda en Benidorm, la quinta que puso en marcha su fundador, Vicente Grimalt. Su ubicaci\u00f3n estrat\u00e9gica en una zona de alta densidad tur\u00edstica demostr\u00f3 que sus productos originales, de compra por impulso \u2013y econ\u00f3micos\u2013, eran perfectos para el p\u00fablico vacacional, generando lo que se llam\u00f3 &#8216;Efecto Benidorm&#8217;.<\/p>  <p class=\"wp-block-paragraph\">Por \u00faltimo, el &#8216;Ciudad de Benidorm&#8217; en su dimensi\u00f3n Local recae este a\u00f1o 2026 en Autocares Grupo Benidorm, una de las principales empresas de transporte discrecional de viajeros de la Costa Blanca, cuya trayectoria moderna est\u00e1 marcada por una profunda historia de superaci\u00f3n familiar y relevo estrat\u00e9gico. <\/p>  <p class=\"wp-block-paragraph\">Para completar estas cuatro distinciones con motivo del D\u00eda Mundial del Turismo, el Ayuntamiento de Benidorm conceder\u00e1 tambi\u00e9n la Menci\u00f3n Especial de los &#8216;Ciudad de Benidorm&#8217; de este a\u00f1o a la benidormense y empresaria tur\u00edstica Antonia Aguilar Masanet, propietaria del Hotel Palmeral, que abrieron sus padres en el a\u00f1o 1956; primera gerente del Restaurante Ul\u00eda y fundadora tambi\u00e9n de la agencia de viajes La Cala. Formada en la Escuela Superior de Hosteler\u00eda y Turismo de Madrid, la hist\u00f3rica Escuela de la Casa de Campo.<\/p>  <p class=\"wp-block-paragraph\"><\/p>  <p class=\"wp-block-paragraph\"><\/p> ","protected":false},"excerpt":{"rendered":"<p>Se entregar\u00e1n el viernes 25 de septiembre en el marco de las celebraciones por el D\u00eda Mundial del Turismo<\/p>\n","protected":false},"author":0,"featured_media":25437,"comment_status":"","ping_status":"open","sticky":false,"template":"","format":"standard","meta":{"_acf_changed":false,"footnotes":""},"categories":[1],"tags":[],"class_list":["post-25436","post","type-post","status-publish","format-standard","has-post-thumbnail","hentry","category-sin-categoria"],"acf":{"ser_id":"5XN7I4POBFCP7P63PLZFAWEIYQ","ser_url":"https:\/\/cadenaser.com\/comunitat-valenciana\/2026\/08\/27\/ya-se-conocen-los-premios-de-turismo-ciudad-de-benidorm-2026-radio-benidorm\/"},"_links":{"self":[{"href":"https:\/\/serbenidorm.daliisolutions.com\/index.php\/wp-json\/wp\/v2\/posts\/25436","targetHints":{"allow":["GET"]}}],"collection":[{"href":"https:\/\/serbenidorm.daliisolutions.com\/index.php\/wp-json\/wp\/v2\/posts"}],"about":[{"href":"https:\/\/serbenidorm.daliisolutions.com\/index.php\/wp-json\/wp\/v2\/types\/post"}],"replies":[{"embeddable":true,"href":"https:\/\/serbenidorm.daliisolutions.com\/index.php\/wp-json\/wp\/v2\/comments?post=25436"}],"version-history":[{"count":0,"href":"https:\/\/serbenidorm.daliisolutions.com\/index.php\/wp-json\/wp\/v2\/posts\/25436\/revisions"}],"wp:featuredmedia":[{"embeddable":true,"href":"https:\/\/serbenidorm.daliisolutions.com\/index.php\/wp-json\/wp\/v2\/media\/25437"}],"wp:attachment":[{"href":"https:\/\/serbenidorm.daliisolutions.com\/index.php\/wp-json\/wp\/v2\/media?parent=25436"}],"wp:term":[{"taxonomy":"category","embeddable":true,"href":"https:\/\/serbenidorm.daliisolutions.com\/index.php\/wp-json\/wp\/v2\/categories?post=25436"},{"taxonomy":"post_tag","embeddable":true,"href":"https:\/\/serbenidorm.daliisolutions.com\/index.php\/wp-json\/wp\/v2\/tags?post=25436"}],"curies":[{"name":"wp","href":"https:\/\/api.w.org\/{rel}","templated":true}]}}