{"id":25438,"date":"2026-08-28T11:16:15","date_gmt":"2026-08-28T09:16:15","guid":{"rendered":"https:\/\/serbenidorm.daliisolutions.com\/index.php\/2026\/08\/28\/benidorm-espera-20-000-personas-en-su-orgullo-lgtbi\/"},"modified":"2026-08-28T11:16:15","modified_gmt":"2026-08-28T09:16:15","slug":"benidorm-espera-20-000-personas-en-su-orgullo-lgtbi","status":"publish","type":"post","link":"https:\/\/serbenidorm.daliisolutions.com\/index.php\/2026\/08\/28\/benidorm-espera-20-000-personas-en-su-orgullo-lgtbi\/","title":{"rendered":"Benidorm espera 20.000 personas en su Orgullo LGTBI"},"content":{"rendered":" <p class=\"wp-block-paragraph\">Benidorm ha iniciado ya la cuenta atr\u00e1s para la celebraci\u00f3n del 16 aniversario del Benidorm Pride, uno de los eventos m\u00e1s consolidados del calendario anual y que prev\u00e9 atraer a m\u00e1s de 20.000 personas, en su mayor\u00eda turistas nacionales e internacionales LGTBI, para participar en los distintos eventos programados del 1 al 6 de septiembre.<\/p>  <p class=\"wp-block-paragraph\">El concejal de Eventos, Jes\u00fas Carrobles, ha destacado en la presentaci\u00f3n que \u201cson casi seis d\u00edas de fiesta no solo en los recintos, sino que se traslada a la vida de la ciudad y tiene una gran repercusi\u00f3n econ\u00f3mica para el empresariado\u201d. Una afirmaci\u00f3n que ha secundado el organizador del Pride, Santos Torres, quien precisaba que el turismo LGTBI \u201c<a href=\"https:\/\/cadenaser.com\/tag\/benidorm\/a\/\" target=\"_blank\" rel=\"\" title=\"https:\/\/cadenaser.com\/tag\/benidorm\/a\/\">genera mucho movimiento econ\u00f3mico porque es un p\u00fablico que gasta mucho en ocio y restauraci\u00f3n<\/a>\u201d.<\/p>  <p class=\"wp-block-paragraph\">\u201cLa gente en general en Benidorm se vuelca mucho con el colectivo. No sufrimos agresiones o insultos hom\u00f3fobos y somos un colectivo muy asentado en la ciudad\u201d, ha apostillado Torres.<\/p>  <p class=\"wp-block-paragraph\">Este a\u00f1o y como novedad su organizador el \u2018Orgullo\u2019 de Benidorm se ha hermanado con el de Sevilla y que, junto con el de Barcelona \u201cnos han ayudado a formar parte de Interpride, que es la Asociaci\u00f3n de Orgullos Europeos, y que supone un paso muy importante para nosotros\u201d. \u201cYa nos imaginamos que alg\u00fan d\u00eda Benidorm pueda albergar el EuroPride, como lo han hecho Madrid y Barcelona, porque reunimos las condiciones de infraestructuras y de alojamiento\u201d ha agregado el organizador.<\/p> ","protected":false},"excerpt":{"rendered":"<p>El Pride llenar\u00e1 la ciudad de actividades del 1 al 6 de septiembre<\/p>\n","protected":false},"author":0,"featured_media":25439,"comment_status":"","ping_status":"open","sticky":false,"template":"","format":"standard","meta":{"_acf_changed":false,"footnotes":""},"categories":[1],"tags":[],"class_list":["post-25438","post","type-post","status-publish","format-standard","has-post-thumbnail","hentry","category-sin-categoria"],"acf":{"ser_id":"JBLIGY6ULRGXVK4AYM7BA3VY6Y","ser_url":"https:\/\/cadenaser.com\/comunitat-valenciana\/2026\/08\/26\/benidorm-espera-20000-personas-en-su-orgullo-lgtbi-radio-benidorm\/"},"_links":{"self":[{"href":"https:\/\/serbenidorm.daliisolutions.com\/index.php\/wp-json\/wp\/v2\/posts\/25438","targetHints":{"allow":["GET"]}}],"collection":[{"href":"https:\/\/serbenidorm.daliisolutions.com\/index.php\/wp-json\/wp\/v2\/posts"}],"about":[{"href":"https:\/\/serbenidorm.daliisolutions.com\/index.php\/wp-json\/wp\/v2\/types\/post"}],"replies":[{"embeddable":true,"href":"https:\/\/serbenidorm.daliisolutions.com\/index.php\/wp-json\/wp\/v2\/comments?post=25438"}],"version-history":[{"count":0,"href":"https:\/\/serbenidorm.daliisolutions.com\/index.php\/wp-json\/wp\/v2\/posts\/25438\/revisions"}],"wp:featuredmedia":[{"embeddable":true,"href":"https:\/\/serbenidorm.daliisolutions.com\/index.php\/wp-json\/wp\/v2\/media\/25439"}],"wp:attachment":[{"href":"https:\/\/serbenidorm.daliisolutions.com\/index.php\/wp-json\/wp\/v2\/media?parent=25438"}],"wp:term":[{"taxonomy":"category","embeddable":true,"href":"https:\/\/serbenidorm.daliisolutions.com\/index.php\/wp-json\/wp\/v2\/categories?post=25438"},{"taxonomy":"post_tag","embeddable":true,"href":"https:\/\/serbenidorm.daliisolutions.com\/index.php\/wp-json\/wp\/v2\/tags?post=25438"}],"curies":[{"name":"wp","href":"https:\/\/api.w.org\/{rel}","templated":true}]}}