{"id":25440,"date":"2026-08-28T11:16:16","date_gmt":"2026-08-28T09:16:16","guid":{"rendered":"https:\/\/serbenidorm.daliisolutions.com\/index.php\/2026\/08\/28\/aerbeco-denuncia-retrasos-de-mas-de-un-ano-con-los-especialistas-del-hospital-marina-baixa\/"},"modified":"2026-08-28T11:16:16","modified_gmt":"2026-08-28T09:16:16","slug":"aerbeco-denuncia-retrasos-de-mas-de-un-ano-con-los-especialistas-del-hospital-marina-baixa","status":"publish","type":"post","link":"https:\/\/serbenidorm.daliisolutions.com\/index.php\/2026\/08\/28\/aerbeco-denuncia-retrasos-de-mas-de-un-ano-con-los-especialistas-del-hospital-marina-baixa\/","title":{"rendered":"AERBECO denuncia retrasos de m\u00e1s de un a\u00f1o con los especialistas del Hospital Marina Baixa"},"content":{"rendered":" <p class=\"wp-block-paragraph\">La Asociaci\u00f3n de Enfermedades Raras de Benidorm y Comarca (AERBECO) reclama una reuni\u00f3n con la Conselleria de Sanidad para buscar una soluci\u00f3n al retraso de las revisiones peri\u00f3dicas con distintos especialistas del Hospital Marina Baixa de Villajoyosa.<\/p>  <p class=\"wp-block-paragraph\">Una situaci\u00f3n que no es nueva y dificulta el seguimiento de sus patolog\u00edas en \u00e1reas m\u00e9dicas como <a href=\"https:\/\/cadenaser.com\/tag\/benidorm\/a\/\" target=\"_blank\" rel=\"\" title=\"https:\/\/cadenaser.com\/tag\/benidorm\/a\/\">neurolog\u00eda, traumatolog\u00eda, cardiolog\u00eda y oftalmolog\u00eda, entre otras<\/a>. <\/p>  <p class=\"wp-block-paragraph\">Recibir los resultados de las pruebas diagn\u00f3sticas tambi\u00e9n se ha convertido en una odisea, como critica el presidente de AERBECO Juan Miguel Mart\u00ednez: \u00abLlevamos m\u00e1s de un a\u00f1o esperando resultados. Nosotros necesitamos ser atendidos como m\u00ednimo dos veces al a\u00f1o, seg\u00fan estemos, porque son enfermedades muy complejas\u00bb.<\/p>  <p class=\"wp-block-paragraph\">Mart\u00ednez a\u00f1ade que no se da respuesta a sus quejas y reclamaciones formales: \u00abEl a\u00f1o pasado a principios de oto\u00f1o varios usuarios ten\u00edan pendiente recibir los resultados y todav\u00eda no hay respuesta ni citas\u00bb, ha asegurado.<\/p>  <p class=\"wp-block-paragraph\">En el encuentro que quieren mantener con Sanidad, adem\u00e1s, plantear\u00e1n sus propias propuestas, como que en la aplicaci\u00f3n de GVA se pueda pedir directamente cita previa con el especialista sin tener que pasar por el m\u00e9dico de cabecera.<\/p> ","protected":false},"excerpt":{"rendered":"<p>La Asociaci\u00f3n de Enfermedades Raras de Benidorm y Comarca alerta de la dificultad para el seguimiento y el diagn\u00f3stico de sus patolog\u00edas<\/p>\n","protected":false},"author":0,"featured_media":25441,"comment_status":"","ping_status":"open","sticky":false,"template":"","format":"standard","meta":{"_acf_changed":false,"footnotes":""},"categories":[1],"tags":[],"class_list":["post-25440","post","type-post","status-publish","format-standard","has-post-thumbnail","hentry","category-sin-categoria"],"acf":{"ser_id":"YK35DE22QBAUVC5CNPUZDFDOKE","ser_url":"https:\/\/cadenaser.com\/comunitat-valenciana\/2026\/08\/25\/aerbeco-denuncia-retrasos-de-mas-de-un-ano-con-los-especialistas-del-hospital-marina-baixa-radio-benidorm\/"},"_links":{"self":[{"href":"https:\/\/serbenidorm.daliisolutions.com\/index.php\/wp-json\/wp\/v2\/posts\/25440","targetHints":{"allow":["GET"]}}],"collection":[{"href":"https:\/\/serbenidorm.daliisolutions.com\/index.php\/wp-json\/wp\/v2\/posts"}],"about":[{"href":"https:\/\/serbenidorm.daliisolutions.com\/index.php\/wp-json\/wp\/v2\/types\/post"}],"replies":[{"embeddable":true,"href":"https:\/\/serbenidorm.daliisolutions.com\/index.php\/wp-json\/wp\/v2\/comments?post=25440"}],"version-history":[{"count":0,"href":"https:\/\/serbenidorm.daliisolutions.com\/index.php\/wp-json\/wp\/v2\/posts\/25440\/revisions"}],"wp:featuredmedia":[{"embeddable":true,"href":"https:\/\/serbenidorm.daliisolutions.com\/index.php\/wp-json\/wp\/v2\/media\/25441"}],"wp:attachment":[{"href":"https:\/\/serbenidorm.daliisolutions.com\/index.php\/wp-json\/wp\/v2\/media?parent=25440"}],"wp:term":[{"taxonomy":"category","embeddable":true,"href":"https:\/\/serbenidorm.daliisolutions.com\/index.php\/wp-json\/wp\/v2\/categories?post=25440"},{"taxonomy":"post_tag","embeddable":true,"href":"https:\/\/serbenidorm.daliisolutions.com\/index.php\/wp-json\/wp\/v2\/tags?post=25440"}],"curies":[{"name":"wp","href":"https:\/\/api.w.org\/{rel}","templated":true}]}}