{"id":25442,"date":"2026-08-28T11:16:16","date_gmt":"2026-08-28T09:16:16","guid":{"rendered":"https:\/\/serbenidorm.daliisolutions.com\/index.php\/2026\/08\/28\/el-ayuntamiento-de-benidorm-se-reunira-con-el-comercio-local-para-analizar-su-crisis\/"},"modified":"2026-08-28T11:16:16","modified_gmt":"2026-08-28T09:16:16","slug":"el-ayuntamiento-de-benidorm-se-reunira-con-el-comercio-local-para-analizar-su-crisis","status":"publish","type":"post","link":"https:\/\/serbenidorm.daliisolutions.com\/index.php\/2026\/08\/28\/el-ayuntamiento-de-benidorm-se-reunira-con-el-comercio-local-para-analizar-su-crisis\/","title":{"rendered":"El Ayuntamiento de Benidorm se reunir\u00e1 con el comercio local para analizar su crisis"},"content":{"rendered":" <p class=\"wp-block-paragraph\">El alcalde de Benidorm, Toni P\u00e9rez, quiere abordar en profundidad con la Asociaci\u00f3n Independiente de Comerciantes (AICO) los resultados de su \u00faltima encuesta, que cifra en hasta un 30% el descenso de las ventas en la ciudad durante este \u00faltimo verano.<\/p>  <p class=\"wp-block-paragraph\">P\u00e9rez anuncia que se reunir\u00e1 con sus representantes para analizar las con detalle estas \u00faltimas estad\u00edsticas, que dice desconocer, y estudiar, en su caso, posibles medidas a adoptar por parte del gobierno local. Sin embargo, el primer edil se ha querido referir tambi\u00e9n a la profunda situaci\u00f3n de cambio que est\u00e1 experimentando el comercio a nivel global y ha defendido que la situaci\u00f3n del sector en la ciudad da ejemplos de buen comportamiento.<\/p>  <p class=\"wp-block-paragraph\">As\u00ed ha sido la reacci\u00f3n a las <a href=\"https:\/\/cadenaser.com\/comunitat-valenciana\/2025\/12\/04\/el-comercio-de-benidorm-atribuye-uno-de-sus-peores-anos-al-calor-y-la-zona-de-bajas-emisiones-radio-benidorm\/\" target=\"_blank\" rel=\"\" title=\"https:\/\/cadenaser.com\/comunitat-valenciana\/2025\/12\/04\/el-comercio-de-benidorm-atribuye-uno-de-sus-peores-anos-al-calor-y-la-zona-de-bajas-emisiones-radio-benidorm\/\">cr\u00edticas de AICO durante las \u00faltimas fechas por el impacto de la Zona de Bajas Emisiones (ZBE) o la proliferaci\u00f3n de supermercados &#8217;24 horas&#8217;, as\u00ed como por la escasa atenci\u00f3n a sus demandas por parte del consistorio benidormense<\/a>: \u00abLo que algunos anunciaron en sus encuestas de verano de que la obra, la ZBE y la peatonalizaci\u00f3n de la avenida Armada Espa\u00f1ola iba a suponer la muerte para el comercio, ya no hablo de restauraci\u00f3n, si van ustedes a la zona de Poniente ver\u00e1n que hay m\u00e1s comercios ahora que antes, comercios de todo tipo\u00bb, ha asegurado Toni P\u00e9rez.<\/p>  <p class=\"wp-block-paragraph\">El alcalde tambi\u00e9n ha recordado algunas pol\u00edticas adoptadas hasta el momento como la repetici\u00f3n del Bono Consumo y su impacto directo en los negocios locales. De la econom\u00eda de la ciudad ha seguido hablando adem\u00e1s durante la presentaci\u00f3n, este martes en el Centro Cultural, del proyecto &#8216;Benidorm DTI Integra con la PID&#8217;: \u00abSi les digo que el consumo con tarjetas de cr\u00e9dito en solo seis meses de este a\u00f1o ya ha superado el consumo exclusivamente en Benidorm de todo el a\u00f1o pasado, pues habr\u00e1 que plantearse muchas cosas en base a ese dato\u00bb.<\/p>  <p class=\"wp-block-paragraph\">\u00abHay muchas cuestiones que analizar, pero la gente viene a Benidorm y consume. Es un buen mensaje que debemos tener en consideraci\u00f3n, solo el dato mata el relato\u00bb, remarca P\u00e9rez.<\/p> ","protected":false},"excerpt":{"rendered":"<p>El alcalde quiere conocer al detalle el estudio de AICO, que cifra el descenso de las ventas este verano en un 30%, mientras defiende la buena din\u00e1mica de la econom\u00eda local<\/p>\n","protected":false},"author":0,"featured_media":25443,"comment_status":"","ping_status":"open","sticky":false,"template":"","format":"standard","meta":{"_acf_changed":false,"footnotes":""},"categories":[1],"tags":[],"class_list":["post-25442","post","type-post","status-publish","format-standard","has-post-thumbnail","hentry","category-sin-categoria"],"acf":{"ser_id":"33UA3FBTYFB6DOPO2BO7OJCP6Y","ser_url":"https:\/\/cadenaser.com\/comunitat-valenciana\/2026\/08\/25\/el-ayuntamiento-de-benidorm-se-reunira-con-los-comerciantes-para-analizar-la-crisis-del-sector-radio-benidorm\/"},"_links":{"self":[{"href":"https:\/\/serbenidorm.daliisolutions.com\/index.php\/wp-json\/wp\/v2\/posts\/25442","targetHints":{"allow":["GET"]}}],"collection":[{"href":"https:\/\/serbenidorm.daliisolutions.com\/index.php\/wp-json\/wp\/v2\/posts"}],"about":[{"href":"https:\/\/serbenidorm.daliisolutions.com\/index.php\/wp-json\/wp\/v2\/types\/post"}],"replies":[{"embeddable":true,"href":"https:\/\/serbenidorm.daliisolutions.com\/index.php\/wp-json\/wp\/v2\/comments?post=25442"}],"version-history":[{"count":0,"href":"https:\/\/serbenidorm.daliisolutions.com\/index.php\/wp-json\/wp\/v2\/posts\/25442\/revisions"}],"wp:featuredmedia":[{"embeddable":true,"href":"https:\/\/serbenidorm.daliisolutions.com\/index.php\/wp-json\/wp\/v2\/media\/25443"}],"wp:attachment":[{"href":"https:\/\/serbenidorm.daliisolutions.com\/index.php\/wp-json\/wp\/v2\/media?parent=25442"}],"wp:term":[{"taxonomy":"category","embeddable":true,"href":"https:\/\/serbenidorm.daliisolutions.com\/index.php\/wp-json\/wp\/v2\/categories?post=25442"},{"taxonomy":"post_tag","embeddable":true,"href":"https:\/\/serbenidorm.daliisolutions.com\/index.php\/wp-json\/wp\/v2\/tags?post=25442"}],"curies":[{"name":"wp","href":"https:\/\/api.w.org\/{rel}","templated":true}]}}