{"id":25446,"date":"2026-08-28T11:16:17","date_gmt":"2026-08-28T09:16:17","guid":{"rendered":"https:\/\/serbenidorm.daliisolutions.com\/index.php\/2026\/08\/28\/el-sporting-la-nucia-arranca-el-curso-con-victoria-en-la-supercopa\/"},"modified":"2026-08-28T11:16:17","modified_gmt":"2026-08-28T09:16:17","slug":"el-sporting-la-nucia-arranca-el-curso-con-victoria-en-la-supercopa","status":"publish","type":"post","link":"https:\/\/serbenidorm.daliisolutions.com\/index.php\/2026\/08\/28\/el-sporting-la-nucia-arranca-el-curso-con-victoria-en-la-supercopa\/","title":{"rendered":"El Sporting La Nuc\u00eda arranca el curso con victoria en la Supercopa"},"content":{"rendered":" <p class=\"wp-block-paragraph\">La temporada de f\u00fatbol sala ya ha echado a andar con la disputa de la Supercopa Comunitat, primera competici\u00f3n oficial del presente curso en la que el Sporting La Nuc\u00eda ha dado un primer e importante paso adelante tras imponerse al Ye Faky de Cocentaina por 3-0 en el partido inaugural de la fase de grupos disputado en el Camilo Cano este domingo.<\/p>  <p class=\"wp-block-paragraph\">Tras la conclusi\u00f3n de este primer test oficial de la temporada, el entrenador nuciero, David \u2018Dada\u2019 Valverde, se mostraba satisfecho por lo visto en el partido y destacaba que \u201chemos culminado la semana como tocaba\u201d ya que \u201ctocaba plasmar todos los conceptos que hemos trabajado, especialmente en aspectos defensivos e intensidad, y los chavales han cumplido con creces\u201d.<\/p>  <p class=\"wp-block-paragraph\">\u2018Dada\u2019 aseguraba que \u201cal equipo, pese al poco trabajo que hemos podido realizar hasta ahora, lo he visto bastante bien\u201d en un choque en el que, desvelaba, \u201chemos convocado a todos los jugadores que han participado en la pretemporada\u201d.<\/p>  <p class=\"wp-block-paragraph\">Con todo, y fiel a su car\u00e1cter inconformista, Valverde reconoc\u00eda que todav\u00eda \u201chay cosas que ajustar\u201d, aunque \u201cpara eso est\u00e1 la pretemporada\u201d, reflexionaba. <\/p> ","protected":false},"excerpt":{"rendered":"<p>Los de David \u2018Dada\u2019 Valverde se imponen por 3-0 de Cocentaina <\/p>\n","protected":false},"author":0,"featured_media":25447,"comment_status":"","ping_status":"open","sticky":false,"template":"","format":"standard","meta":{"_acf_changed":false,"footnotes":""},"categories":[16],"tags":[],"class_list":["post-25446","post","type-post","status-publish","format-standard","has-post-thumbnail","hentry","category-deportes"],"acf":{"ser_id":"TSM567EGHFADRPW45HOH2FBOSU","ser_url":"https:\/\/cadenaser.com\/comunitat-valenciana\/2026\/08\/24\/el-sporting-la-nucia-arranca-el-curso-con-victoria-en-la-supercopa-radio-benidorm\/"},"_links":{"self":[{"href":"https:\/\/serbenidorm.daliisolutions.com\/index.php\/wp-json\/wp\/v2\/posts\/25446","targetHints":{"allow":["GET"]}}],"collection":[{"href":"https:\/\/serbenidorm.daliisolutions.com\/index.php\/wp-json\/wp\/v2\/posts"}],"about":[{"href":"https:\/\/serbenidorm.daliisolutions.com\/index.php\/wp-json\/wp\/v2\/types\/post"}],"replies":[{"embeddable":true,"href":"https:\/\/serbenidorm.daliisolutions.com\/index.php\/wp-json\/wp\/v2\/comments?post=25446"}],"version-history":[{"count":0,"href":"https:\/\/serbenidorm.daliisolutions.com\/index.php\/wp-json\/wp\/v2\/posts\/25446\/revisions"}],"wp:featuredmedia":[{"embeddable":true,"href":"https:\/\/serbenidorm.daliisolutions.com\/index.php\/wp-json\/wp\/v2\/media\/25447"}],"wp:attachment":[{"href":"https:\/\/serbenidorm.daliisolutions.com\/index.php\/wp-json\/wp\/v2\/media?parent=25446"}],"wp:term":[{"taxonomy":"category","embeddable":true,"href":"https:\/\/serbenidorm.daliisolutions.com\/index.php\/wp-json\/wp\/v2\/categories?post=25446"},{"taxonomy":"post_tag","embeddable":true,"href":"https:\/\/serbenidorm.daliisolutions.com\/index.php\/wp-json\/wp\/v2\/tags?post=25446"}],"curies":[{"name":"wp","href":"https:\/\/api.w.org\/{rel}","templated":true}]}}