{"id":25448,"date":"2026-08-28T19:16:59","date_gmt":"2026-08-28T17:16:59","guid":{"rendered":"https:\/\/serbenidorm.daliisolutions.com\/index.php\/2026\/08\/28\/tadej-pogacar-se-cita-con-la-historia-en-la-marina-baixa\/"},"modified":"2026-08-28T19:16:59","modified_gmt":"2026-08-28T17:16:59","slug":"tadej-pogacar-se-cita-con-la-historia-en-la-marina-baixa","status":"publish","type":"post","link":"https:\/\/serbenidorm.daliisolutions.com\/index.php\/2026\/08\/28\/tadej-pogacar-se-cita-con-la-historia-en-la-marina-baixa\/","title":{"rendered":"Tadej Pogacar se cita con la historia en la Marina Baixa"},"content":{"rendered":" <p class=\"wp-block-paragraph\">Salida desde el nivel del mar y meta en la Base Militar de Aitana, a 1.530 metros de altitud. Antes, 187 kil\u00f3metros con otros cinco puertos puntuables como T\u00e1rbena (2\u00aa categor\u00eda), El Miserat (1\u00aa categor\u00eda), Tollos (3\u00aa categor\u00eda), Tudons (2\u00aa categor\u00eda) y Benifallim (2\u00aa categor\u00eda) hasta acumular 4.940 metros de desnivel positivo, un r\u00e9cord para la Vuelta Ciclista a Espa\u00f1a. Una dureza orogr\u00e1fica a la que habr\u00e1 que sumar el calor que se espera que impere en ese recorrido que viajar\u00e1 por toda la Marina Baixa. En definitiva, los ingredientes perfectos para que el que posiblemente es el mejor ciclista de todos los tiempos, Tadej Pogacar, se luzca para dejar definitivamente sentenciada (si no lo est\u00e1 ya) la Vuelta a Espa\u00f1a.<\/p>  <p class=\"wp-block-paragraph\">La Vila Joiosa ser\u00e1 el punto de partida de una etapa, la novena de esta edici\u00f3n, que re\u00fane todos los requisitos para que, a poco que Pogacar quiera, el astro esloveno pueda firmar una de esas actuaciones que seguir\u00e1n siendo loadas d\u00e9cadas despu\u00e9s de llegado el momento de colgar la bici. Como la \u2018crono\u2019 de Luxemburgo del Tour de 1992, la Roubaix de 1998, la batalla entre Cuneo y Pinerolo en el Giro de 1949 o la subida de Sestriere en el Tour (de nuevo en el 92) por poner s\u00f3lo algunos ejemplos.<\/p>  <p class=\"wp-block-paragraph\">Desatado desde la salida del pasado s\u00e1bado en M\u00f3naco, Pogacar no s\u00f3lo ha venido a La Vuelta a completar el tr\u00edo de grandes vueltas en su palmar\u00e9s (tras haber ganado cuatro veces el Tour y una el Giro), sino, fiel a su estilo, a machacar deportivamente a todos sus rivales y brindar al p\u00fablico, entregado a su figura, el mayor espect\u00e1culo posible.<\/p>  <p class=\"wp-block-paragraph\">A expensas de lo que pase hoy en la meta de Valdelinares, donde tiene una oportunidad de oro de seguir agrandando su ventaja al frente de la general, Pogacar ya acumula tres triunfos de etapa en esta edici\u00f3n de La Vuelta en la que lidera la general con una sideral diferencia de 3:34 sobre el espa\u00f1ol Enric Mas (Movistar) que, eso s\u00ed, ha sido el \u00fanico mortal capaz de poner en duda la dictadura del esloveno.<\/p>  <p class=\"wp-block-paragraph\">Avis\u00f3 el de Art\u00e0, tras la granizada de Andorra, que su mejor versi\u00f3n siempre llega con el calor y fue en la primera jornada de altas temperaturas, en Castell\u00f3n, donde ese aviso se hizo realidad. Salt\u00f3 Pogacar a 25 kil\u00f3metros de meta, en las rampas imposibles y sin asfaltar del Alto del Bartolo, y nadie le pudo seguir. <\/p>  <p class=\"wp-block-paragraph\">Tan seguro iba, de rojo majestuoso, que no se preocup\u00f3 de mirar atr\u00e1s. La mirada de depredador fija al frente, en su \u00fanica presa posible: la victoria, una m\u00e1s, en la l\u00ednea de meta. Tan centrado iba en ello que nunca supo que Enric Mas, activo y ambicioso como pocas veces, le estaba recortando diferencias a un ritmo pocas veces visto en una persecuci\u00f3n al esloveno.<\/p>  <p class=\"wp-block-paragraph\">Y fue arriba, con la pancarta del puerto de monta\u00f1a ya a la vista, cuando Pogacar, ojipl\u00e1tico, vio a Enric pasarle como un ob\u00fas. Herido y, quiz\u00e1s, ofendido por el atrevimiento de un mero mortal, el dios del ciclismo no tuvo piedad y bati\u00f3 al balear en el sprint de Castell\u00f3n tras un enrome susto en la bajada.<\/p>  <p class=\"wp-block-paragraph\">Ahora, escondida tras esa sonrisa eterna, supura la herida en su orgullo y, de nuevo, m\u00e1s all\u00e1 de lo que depare hoy Valdelinares; Pogacar sabe, porque se concentra cada invierno en la Marina Baixa y conoce cada palmo de estas carreteras, que lo que ha preparado la organizaci\u00f3n de La Vuelta para el domingo es terreno propicio para devolver el golpe y, por qu\u00e9 no, hundir por completo la moral de cualquiera que, en un momento de enajenaci\u00f3n pasajera, piense que puede seguir su rueda cuando la furia se desate.<\/p>  <p class=\"wp-block-paragraph\">Pero en el ciclismo nada est\u00e1 escrito hasta que se cruza la \u00faltima l\u00ednea de meta. Cada curva, cada rampa, cada ingesta de alimento olvidada, cada piedra afilada en el asfalto guarda peligros y giros de guion que incluso un tipo como Tadej Pogacar no tiene en su mano controlar. <\/p>  <p class=\"wp-block-paragraph\">Y a eso, como la gacela que conf\u00eda en que la leona haya saciado su hambre, se aferran Enric y todos los dem\u00e1s. En un mal d\u00eda, una \u2018p\u00e1jara\u2019 \u2013que tambi\u00e9n ser\u00eda un momento hist\u00f3rico\u2013 inesperada\u2026 un algo que reescriba la historia y \u2018desentencie\u2019 una Vuelta a Espa\u00f1a que el domingo, entre La Vila y Aitana, promete una fiesta m\u00e1xima.<\/p> ","protected":false},"excerpt":{"rendered":"<p>La Vuelta a Espa\u00f1a ha preparado una etapa ideal para que el astro esloveno se luzca como nunca antes<\/p>\n","protected":false},"author":0,"featured_media":25449,"comment_status":"","ping_status":"open","sticky":false,"template":"","format":"standard","meta":{"_acf_changed":false,"footnotes":""},"categories":[1],"tags":[],"class_list":["post-25448","post","type-post","status-publish","format-standard","has-post-thumbnail","hentry","category-sin-categoria"],"acf":{"ser_id":"VRHRL4RCNFHYTNV3OPEFCQ7CVQ","ser_url":"https:\/\/cadenaser.com\/comunitat-valenciana\/2026\/08\/28\/tadej-pogacar-se-cita-con-la-historia-en-la-marina-baixa-radio-benidorm\/"},"_links":{"self":[{"href":"https:\/\/serbenidorm.daliisolutions.com\/index.php\/wp-json\/wp\/v2\/posts\/25448","targetHints":{"allow":["GET"]}}],"collection":[{"href":"https:\/\/serbenidorm.daliisolutions.com\/index.php\/wp-json\/wp\/v2\/posts"}],"about":[{"href":"https:\/\/serbenidorm.daliisolutions.com\/index.php\/wp-json\/wp\/v2\/types\/post"}],"replies":[{"embeddable":true,"href":"https:\/\/serbenidorm.daliisolutions.com\/index.php\/wp-json\/wp\/v2\/comments?post=25448"}],"version-history":[{"count":0,"href":"https:\/\/serbenidorm.daliisolutions.com\/index.php\/wp-json\/wp\/v2\/posts\/25448\/revisions"}],"wp:featuredmedia":[{"embeddable":true,"href":"https:\/\/serbenidorm.daliisolutions.com\/index.php\/wp-json\/wp\/v2\/media\/25449"}],"wp:attachment":[{"href":"https:\/\/serbenidorm.daliisolutions.com\/index.php\/wp-json\/wp\/v2\/media?parent=25448"}],"wp:term":[{"taxonomy":"category","embeddable":true,"href":"https:\/\/serbenidorm.daliisolutions.com\/index.php\/wp-json\/wp\/v2\/categories?post=25448"},{"taxonomy":"post_tag","embeddable":true,"href":"https:\/\/serbenidorm.daliisolutions.com\/index.php\/wp-json\/wp\/v2\/tags?post=25448"}],"curies":[{"name":"wp","href":"https:\/\/api.w.org\/{rel}","templated":true}]}}