{"id":25450,"date":"2026-08-31T07:17:08","date_gmt":"2026-08-31T05:17:08","guid":{"rendered":"https:\/\/serbenidorm.daliisolutions.com\/index.php\/2026\/08\/31\/radio-benidorm-estrena-temporada-con-el-sonido-de-la-vida-y-la-marina-baixa\/"},"modified":"2026-08-31T07:17:08","modified_gmt":"2026-08-31T05:17:08","slug":"radio-benidorm-estrena-temporada-con-el-sonido-de-la-vida-y-la-marina-baixa","status":"publish","type":"post","link":"https:\/\/serbenidorm.daliisolutions.com\/index.php\/2026\/08\/31\/radio-benidorm-estrena-temporada-con-el-sonido-de-la-vida-y-la-marina-baixa\/","title":{"rendered":"Radio Benidorm estrena temporada con el sonido de la vida y la Marina Baixa"},"content":{"rendered":" <p class=\"wp-block-paragraph\">Seguir ofreciendo \u00abel sonido de la vida\u00bb, nuevo lema de la Cadena SER, y por supuesto de la Marina Baixa. <a href=\"https:\/\/cadenaser.com\/tag\/benidorm\/a\/\" target=\"_blank\" rel=\"\" title=\"https:\/\/cadenaser.com\/tag\/benidorm\/a\/\">Radio Benidorm<\/a> arranca progresivamente desde este lunes 31 de septiembre una nueva temporada con el mismo compromiso de siempre: acercarles las historias m\u00e1s cercanas. <\/p>  <p class=\"wp-block-paragraph\">Para ello Silvia Yus se pone al frente de los espacios matinales de las 7:20h. y 8:20h de la ma\u00f1ana, los informativos m\u00e1s madrugadores de toda la comarca.<\/p>  <p class=\"wp-block-paragraph\">Desde las 12:20h. y hasta las 14:00h. Hoy por Hoy Benidorm sigue dando voz a los protagonistas de la actualidad de la Marina Baixa, desde la pol\u00edtica hasta el ocio, pasando por las m\u00e1s variadas secciones y un amplio abanico de colaboradores.<\/p>  <p class=\"wp-block-paragraph\">A las 14:17h. Jorge Garc\u00eda actualiza las noticias del d\u00eda en Hora 14 Benidorm con todos los titulares y sonidos de la ma\u00f1ana y sin dejar de lado la informaci\u00f3n de servicio. <\/p>  <p class=\"wp-block-paragraph\">A partir del pr\u00f3ximo lunes, 7 de septiembre, vuelve SER Deportivos Marina Baixa. De 15:20h. a 16:00h. Nico Van Looy informa y entretiene a los aficionados con toda la actualidad de nuestros equipos y deportistas. <\/p>  <p class=\"wp-block-paragraph\">Desde las 19:20h. se abre la Ventana de la Marina Baixa con un giro a las historias m\u00e1s desconocidas, reportajes sonoros y las firmas de opini\u00f3n de Montse Gasc\u00f3, Daniel Pati\u00f1o, Mati Devesa y Javier Aldea.<\/p>  <p class=\"wp-block-paragraph\">Y con todo, al filo de las once de la noche, Pedro Garc\u00eda resume en pocos minutos las claves del d\u00eda en Hora 25 Benidorm. As\u00ed, la Marina Baixa se escucha a casi cualquier hora del d\u00eda en el 103.8 FM y en todo momento en radiobenidorm.es, la aplicaci\u00f3n m\u00f3vil de la Cadena SER y las principales plataformas de audio: Ivoox, Apple Podcast y Spotify.<\/p>  <p class=\"wp-block-paragraph\">Adem\u00e1s, puedes seguir todo y ver la radio con contenidos extra en nuestras redes sociales: <a href=\"https:\/\/www.instagram.com\/radiobenidormser\/?hl=es\" target=\"_blank\" rel=\"\" title=\"https:\/\/www.instagram.com\/radiobenidormser\/?hl=es\">X, Facebook e Instagram<\/a>.<\/p> ","protected":false},"excerpt":{"rendered":"<p>Disfruta de los mejores contenidos locales de la Cadena SER<\/p>\n","protected":false},"author":0,"featured_media":25451,"comment_status":"","ping_status":"open","sticky":false,"template":"","format":"standard","meta":{"_acf_changed":false,"footnotes":""},"categories":[1],"tags":[],"class_list":["post-25450","post","type-post","status-publish","format-standard","has-post-thumbnail","hentry","category-sin-categoria"],"acf":{"ser_id":"FCNBRCMT2ZE45HM5UXUJWACLBE","ser_url":"https:\/\/cadenaser.com\/comunitat-valenciana\/2026\/08\/31\/radio-benidorm-estrena-temporada-con-el-sonido-de-la-vida-y-la-marina-baixa-radio-benidorm\/"},"_links":{"self":[{"href":"https:\/\/serbenidorm.daliisolutions.com\/index.php\/wp-json\/wp\/v2\/posts\/25450","targetHints":{"allow":["GET"]}}],"collection":[{"href":"https:\/\/serbenidorm.daliisolutions.com\/index.php\/wp-json\/wp\/v2\/posts"}],"about":[{"href":"https:\/\/serbenidorm.daliisolutions.com\/index.php\/wp-json\/wp\/v2\/types\/post"}],"replies":[{"embeddable":true,"href":"https:\/\/serbenidorm.daliisolutions.com\/index.php\/wp-json\/wp\/v2\/comments?post=25450"}],"version-history":[{"count":0,"href":"https:\/\/serbenidorm.daliisolutions.com\/index.php\/wp-json\/wp\/v2\/posts\/25450\/revisions"}],"wp:featuredmedia":[{"embeddable":true,"href":"https:\/\/serbenidorm.daliisolutions.com\/index.php\/wp-json\/wp\/v2\/media\/25451"}],"wp:attachment":[{"href":"https:\/\/serbenidorm.daliisolutions.com\/index.php\/wp-json\/wp\/v2\/media?parent=25450"}],"wp:term":[{"taxonomy":"category","embeddable":true,"href":"https:\/\/serbenidorm.daliisolutions.com\/index.php\/wp-json\/wp\/v2\/categories?post=25450"},{"taxonomy":"post_tag","embeddable":true,"href":"https:\/\/serbenidorm.daliisolutions.com\/index.php\/wp-json\/wp\/v2\/tags?post=25450"}],"curies":[{"name":"wp","href":"https:\/\/api.w.org\/{rel}","templated":true}]}}