{"id":25452,"date":"2026-09-01T11:36:52","date_gmt":"2026-09-01T09:36:52","guid":{"rendered":"https:\/\/serbenidorm.daliisolutions.com\/index.php\/2026\/09\/01\/un-verano-flojo-en-el-valle-de-guadalest-soy-feliz-de-mi-pobreza\/"},"modified":"2026-09-01T11:36:52","modified_gmt":"2026-09-01T09:36:52","slug":"un-verano-flojo-en-el-valle-de-guadalest-soy-feliz-de-mi-pobreza","status":"publish","type":"post","link":"https:\/\/serbenidorm.daliisolutions.com\/index.php\/2026\/09\/01\/un-verano-flojo-en-el-valle-de-guadalest-soy-feliz-de-mi-pobreza\/","title":{"rendered":"Un verano &#8216;flojo&#8217; en el Valle de Guadalest: \u00abSoy feliz de mi pobreza\u00bb"},"content":{"rendered":" <p class=\"wp-block-paragraph\">En el Valle de Guadalest el verano es la temporada baja. Cada vez m\u00e1s. Los negocios y el turismo local han acusado, sobre todo, el calor de estos \u00faltimos meses. Es el principal titular que deja nuestro recorrido durante este \u00faltimo fin de semana de agosto por el interior de la Marina Baixa.<\/p>  <p class=\"wp-block-paragraph\"><a href=\"https:\/\/cadenaser.com\/comunitat-valenciana\/2026\/08\/29\/tadej-pogacar-se-retira-y-la-vila-joiosa-abre-un-capitulo-nuevo-en-la-vuelta-radio-benidorm\/\" target=\"_blank\" rel=\"\" title=\"https:\/\/cadenaser.com\/comunitat-valenciana\/2026\/08\/29\/tadej-pogacar-se-retira-y-la-vila-joiosa-abre-un-capitulo-nuevo-en-la-vuelta-radio-benidorm\/\">Un recorrido paralelo al paso de La Vuelta a Espa\u00f1a, cuya etapa de domingo empezaba en Villajoyosa para terminar en Aitana<\/a>. Esa ha sido la motivaci\u00f3n de Florencio y su familia, de Tarazona de la Mancha (Albacete), para alojarse en una casa rural en Beniard\u00e0.<\/p>  <p class=\"wp-block-paragraph\">Comen en Ca&#8217;Gloria, donde la especialidad es la olleta de blat y el caldo con pelotas, platos t\u00edpicos del invierno. Su propietaria, Rosana, es la primera empresaria de la zona que nos habla de un verano &#8216;flojo&#8217; y, como el resto de negocios, lo atribuye principalmente al aumento de las temperaturas.<\/p>  <p class=\"wp-block-paragraph\">Eva y Mari Carmen son nieta y abuela y tienen una tienda de joyas y figuras de Lladr\u00f3, de nombre Santacreu, en El Castell de Guadalest. Juntas hacen un repaso a la evoluci\u00f3n hist\u00f3rica de su establecimiento, donde los turistas internacionales siempre han sido los principales clientes. Con piezas de porcelana que en algunos casos valen miles de euros extra\u00f1an a los rusos.<\/p>  <p class=\"wp-block-paragraph\">A apenas cien metros, en un puesto de productos locales y derivados de la miel o el n\u00edspero, Claudia nos atiende tras el mostrador y confirma las tendencias anteriores. A las puertas un turista neerland\u00e9s nos cuenta que vive medio a\u00f1o en Polop y otro medio en su pa\u00eds y que siempre que visita Guadalest hay mucha gente.<\/p>  <p class=\"wp-block-paragraph\">Un grupo de amigas j\u00f3venes viene de C\u00e1diz. Entre ca\u00f1as y tapas comentan que la ciudad andaluza est\u00e1 m\u00e1s masificada que la provincia de Alicante. Se alojan en Benidorm, en un apartamento, pero todas coinciden en que lo que m\u00e1s le est\u00e1 gustando es el interior de la comarca que est\u00e1n descubriendo en una excursi\u00f3n de d\u00eda. Pasar\u00e1n la tarde en las Fuentes del Algar.<\/p>  <p class=\"wp-block-paragraph\">Una tarde que \u00d3scar y don Emilio pasan en el bar L&#8217;Era, vac\u00edo durante el rato de la siesta, analizando cualquier aspecto de la actualidad. Su due\u00f1o, \u00d3scar, critica la falta de vivienda en el Valle de Guadalest e incide en que el turista extranjero resulta clave para su \u00absupervivencia\u00bb. Don Emilio va matizando los apuntes de su amigo y concluye: \u00abSoy feliz de mi pobreza\u00bb, tercia antes de alejarse por la plaza encendiendo de nuevo su puro.<\/p> ","protected":false},"excerpt":{"rendered":"<p>El turismo rural del interior de la Marina Baixa acusa el calor y conf\u00eda en trabajar mejor durante el invierno, su temporada alta<\/p>\n","protected":false},"author":0,"featured_media":25453,"comment_status":"","ping_status":"open","sticky":false,"template":"","format":"standard","meta":{"_acf_changed":false,"footnotes":""},"categories":[1],"tags":[],"class_list":["post-25452","post","type-post","status-publish","format-standard","has-post-thumbnail","hentry","category-sin-categoria"],"acf":{"ser_id":"BNBSPPS5CZHSPHECDSUEQEKVAA","ser_url":"https:\/\/cadenaser.com\/comunitat-valenciana\/2026\/08\/31\/un-verano-flojo-en-el-valle-de-guadalest-soy-feliz-de-mi-pobreza-radio-benidorm\/"},"_links":{"self":[{"href":"https:\/\/serbenidorm.daliisolutions.com\/index.php\/wp-json\/wp\/v2\/posts\/25452","targetHints":{"allow":["GET"]}}],"collection":[{"href":"https:\/\/serbenidorm.daliisolutions.com\/index.php\/wp-json\/wp\/v2\/posts"}],"about":[{"href":"https:\/\/serbenidorm.daliisolutions.com\/index.php\/wp-json\/wp\/v2\/types\/post"}],"replies":[{"embeddable":true,"href":"https:\/\/serbenidorm.daliisolutions.com\/index.php\/wp-json\/wp\/v2\/comments?post=25452"}],"version-history":[{"count":0,"href":"https:\/\/serbenidorm.daliisolutions.com\/index.php\/wp-json\/wp\/v2\/posts\/25452\/revisions"}],"wp:featuredmedia":[{"embeddable":true,"href":"https:\/\/serbenidorm.daliisolutions.com\/index.php\/wp-json\/wp\/v2\/media\/25453"}],"wp:attachment":[{"href":"https:\/\/serbenidorm.daliisolutions.com\/index.php\/wp-json\/wp\/v2\/media?parent=25452"}],"wp:term":[{"taxonomy":"category","embeddable":true,"href":"https:\/\/serbenidorm.daliisolutions.com\/index.php\/wp-json\/wp\/v2\/categories?post=25452"},{"taxonomy":"post_tag","embeddable":true,"href":"https:\/\/serbenidorm.daliisolutions.com\/index.php\/wp-json\/wp\/v2\/tags?post=25452"}],"curies":[{"name":"wp","href":"https:\/\/api.w.org\/{rel}","templated":true}]}}