{"id":25454,"date":"2026-09-01T11:36:53","date_gmt":"2026-09-01T09:36:53","guid":{"rendered":"https:\/\/serbenidorm.daliisolutions.com\/index.php\/2026\/09\/01\/el-psoe-de-benidorm-decidira-su-candidato-a-la-alcaldia-el-26-de-septiembre\/"},"modified":"2026-09-01T11:36:53","modified_gmt":"2026-09-01T09:36:53","slug":"el-psoe-de-benidorm-decidira-su-candidato-a-la-alcaldia-el-26-de-septiembre","status":"publish","type":"post","link":"https:\/\/serbenidorm.daliisolutions.com\/index.php\/2026\/09\/01\/el-psoe-de-benidorm-decidira-su-candidato-a-la-alcaldia-el-26-de-septiembre\/","title":{"rendered":"El PSOE de Benidorm decidir\u00e1 su candidato a la alcald\u00eda el 26 de septiembre"},"content":{"rendered":" <p class=\"wp-block-paragraph\">La ejecutiva del PSPV ha decidido este lunes por la tarde que las elecciones primarias para elegir a su candidato a la alcald\u00eda de Benidorm se celebren el pr\u00f3ximo s\u00e1bado 26 de septiembre.<\/p>  <p class=\"wp-block-paragraph\">Seg\u00fan han confirmado fuentes del partido a <a href=\"https:\/\/cadenaser.com\/tag\/benidorm\/a\/\" target=\"_blank\" rel=\"\" title=\"https:\/\/cadenaser.com\/tag\/benidorm\/a\/\">Radio Benidorm<\/a> la votaci\u00f3n ser\u00e1 cerrada a la militancia de la agrupaci\u00f3n socialista local, que tendr\u00e1 el reto de competir en mayo del 2027 con Toni P\u00e9rez (PP), primer edil de la capital tur\u00edstica desde 2015 y con mayor\u00eda absoluta desde 2019.<\/p>  <p class=\"wp-block-paragraph\">Decididos a dar el paso para medirse a P\u00e9rez encabezando la lista del PSOE est\u00e1n, por ahora, el director de Comunicaci\u00f3n del Ministerio de Transportes Pere Rostoll y el diputado auton\u00f3mico Mario Villar.<\/p>  <p class=\"wp-block-paragraph\">Intenciones que Rostoll y Villar fueron dando a conocer a partir de la renuncia de la todav\u00eda portavoz de la oposici\u00f3n en el Ayuntamiento y secretaria general de la formaci\u00f3n en Benidorm, Cristina Escoda, a finales del pasado mes de junio.<\/p>  <p class=\"wp-block-paragraph\">De hecho, ambos empezaron a esbozar el que ser\u00eda su programa en sendas entrevistas en la <a href=\"https:\/\/radiobenidorm.es\" target=\"_blank\" rel=\"\" title=\"https:\/\/radiobenidorm.es\">Cadena SER<\/a>, donde coincidieron en fijar la vivienda como una de sus proridades y en abrirse a estudiar la puesta en marcha de una tasa tur\u00edstica en Benidorm. Si ninguno de los dos da un paso a un lado, los militantes del PSOE en la ciudad tendr\u00e1n la \u00faltima palabra en menos de cuatro semanas.<\/p> ","protected":false},"excerpt":{"rendered":"<p>Si Mario Villar y Pere Rostoll confirman sus candidaturas se medir\u00e1n en unas elecciones primarias cerradas a la militancia socialista<\/p>\n","protected":false},"author":0,"featured_media":25455,"comment_status":"","ping_status":"open","sticky":false,"template":"","format":"standard","meta":{"_acf_changed":false,"footnotes":""},"categories":[1],"tags":[],"class_list":["post-25454","post","type-post","status-publish","format-standard","has-post-thumbnail","hentry","category-sin-categoria"],"acf":{"ser_id":"WP6PIBOAVZCVFDNROUARZZP5OA","ser_url":"https:\/\/cadenaser.com\/comunitat-valenciana\/2026\/08\/31\/el-psoe-de-benidorm-decidira-su-candidato-a-la-alcaldia-el-26-de-septiembre-radio-benidorm\/"},"_links":{"self":[{"href":"https:\/\/serbenidorm.daliisolutions.com\/index.php\/wp-json\/wp\/v2\/posts\/25454","targetHints":{"allow":["GET"]}}],"collection":[{"href":"https:\/\/serbenidorm.daliisolutions.com\/index.php\/wp-json\/wp\/v2\/posts"}],"about":[{"href":"https:\/\/serbenidorm.daliisolutions.com\/index.php\/wp-json\/wp\/v2\/types\/post"}],"replies":[{"embeddable":true,"href":"https:\/\/serbenidorm.daliisolutions.com\/index.php\/wp-json\/wp\/v2\/comments?post=25454"}],"version-history":[{"count":0,"href":"https:\/\/serbenidorm.daliisolutions.com\/index.php\/wp-json\/wp\/v2\/posts\/25454\/revisions"}],"wp:featuredmedia":[{"embeddable":true,"href":"https:\/\/serbenidorm.daliisolutions.com\/index.php\/wp-json\/wp\/v2\/media\/25455"}],"wp:attachment":[{"href":"https:\/\/serbenidorm.daliisolutions.com\/index.php\/wp-json\/wp\/v2\/media?parent=25454"}],"wp:term":[{"taxonomy":"category","embeddable":true,"href":"https:\/\/serbenidorm.daliisolutions.com\/index.php\/wp-json\/wp\/v2\/categories?post=25454"},{"taxonomy":"post_tag","embeddable":true,"href":"https:\/\/serbenidorm.daliisolutions.com\/index.php\/wp-json\/wp\/v2\/tags?post=25454"}],"curies":[{"name":"wp","href":"https:\/\/api.w.org\/{rel}","templated":true}]}}