{"id":25456,"date":"2026-09-01T11:36:54","date_gmt":"2026-09-01T09:36:54","guid":{"rendered":"https:\/\/serbenidorm.daliisolutions.com\/index.php\/2026\/09\/01\/benidorm-despide-a-casimiro-vila-uno-de-los-grandes-impulsores-del-doble-amor\/"},"modified":"2026-09-01T11:36:54","modified_gmt":"2026-09-01T09:36:54","slug":"benidorm-despide-a-casimiro-vila-uno-de-los-grandes-impulsores-del-doble-amor","status":"publish","type":"post","link":"https:\/\/serbenidorm.daliisolutions.com\/index.php\/2026\/09\/01\/benidorm-despide-a-casimiro-vila-uno-de-los-grandes-impulsores-del-doble-amor\/","title":{"rendered":"Benidorm despide a Casimiro Vila, uno de los grandes impulsores del Doble Amor"},"content":{"rendered":" <p class=\"wp-block-paragraph\">Benidorm despide este lunes a Casimiro Vila Esteban, uno de los hombres fundamentales en la historia del Doble Amor y una persona profundamente vinculada a la vida social de la ciudad. Vila falleci\u00f3 este domingo 30 de agosto y su funeral y entierro tienen lugar este lunes en el Tanatorio Marina Baixa.<\/p>  <p class=\"wp-block-paragraph\">Su muerte deja una profunda huella entre las familias vinculadas al Doble Amor y entre quienes conocieron a una persona que dedic\u00f3 buena parte de su vida a conseguir que las personas con discapacidad intelectual dispusieran de atenci\u00f3n, formaci\u00f3n y oportunidades de integraci\u00f3n.<\/p>  <p class=\"wp-block-paragraph\">En <a href=\"https:\/\/radiobenidorm.es\" target=\"_blank\" rel=\"\" title=\"https:\/\/radiobenidorm.es\">Hoy por Hoy Benidorm<\/a> hemos querido rendir homenaje a su figura de la mano de Jos\u00e9 Luis Calvo, actual presidente de la Asociaci\u00f3n Doble Amor y amigo de Casimiro Vila. Calvo lo ha definido con una expresi\u00f3n que resume buena parte de su recuerdo: \u201cera un hombre bueno\u201d.<\/p>  <p class=\"wp-block-paragraph\">\u201cYo he decidido en estos d\u00edas de dolor y tristeza a mi gran amigo Casimiro como un hombre bueno. Y eso es lo que era, era pura bondad\u201d, ha se\u00f1alado Calvo durante la entrevista.<\/p>  <p class=\"wp-block-paragraph\">Jos\u00e9 Luis Calvo ha recordado los comienzos de una entidad que naci\u00f3 en 1972, cuando un peque\u00f1o grupo de familias de Benidorm y de la comarca decidi\u00f3 organizarse para dar respuesta a una realidad que, en aquellos a\u00f1os, apenas ten\u00eda visibilidad.<\/p>  <p class=\"wp-block-paragraph\">\u201cCasimiro fue el que prendi\u00f3 la mecha, el que abri\u00f3 ese camino hacia el Doble Amor\u201d, ha explicado el actual presidente.<\/p>  <p class=\"wp-block-paragraph\">Durante d\u00e9cadas, Vila estuvo estrechamente ligado a la direcci\u00f3n de la entidad. Calvo recuerda una presidencia marcada por el trabajo diario, por la necesidad de llamar a muchas puertas y de ir resolviendo cada d\u00eda las dificultades que aparec\u00edan para consolidar el proyecto.<\/p>  <p class=\"wp-block-paragraph\">Una labor que acabar\u00eda convirtiendo al Doble Amor en uno de los referentes sociales de Benidorm y de la Marina Baixa.<\/p>  <p class=\"wp-block-paragraph\">\u201cFue una lucha de d\u00eda a d\u00eda, d\u00eda a d\u00eda solucion\u00e1bamos un problema y al d\u00eda siguiente ten\u00edamos otro, y as\u00ed hac\u00eda que se fuera adelante\u201d, ha explicado Calvo.<\/p>  <p class=\"wp-block-paragraph\">La trayectoria de Vila al frente de la entidad fue reconocida en 2016 con el Premio Vecino Ejemplar de Benidorm, una distinci\u00f3n concedida por el Ayuntamiento y el Consejo Vecinal para reconocer a personas que han dejado una huella especial al servicio de la ciudadan\u00eda. El Consistorio destac\u00f3 entonces su trayectoria al frente del Doble Amor y su implicaci\u00f3n en la atenci\u00f3n a j\u00f3venes con discapacidad de Benidorm y otros municipios de la Marina Baixa.<\/p>  <p class=\"wp-block-paragraph\">En 2023, despu\u00e9s de d\u00e9cadas al frente de la asociaci\u00f3n, Casimiro Vila dej\u00f3 la presidencia y Jos\u00e9 Luis Calvo asumi\u00f3 el cargo. La propia entidad lo distingui\u00f3 entonces como presidente de honor a perpetuidad. El Ayuntamiento de Benidorm destac\u00f3 en aquel momento que Vila hab\u00eda estado durante d\u00e9cadas al frente de un centro al que acuden personas con diversidad funcional de Benidorm y otras localidades de la comarca.<\/p>  <p class=\"wp-block-paragraph\">Para Jos\u00e9 Luis Calvo, la verdadera dimensi\u00f3n de la obra de Casimiro Vila se entiende al recordar c\u00f3mo era la sociedad hace m\u00e1s de medio siglo.<\/p>  <p class=\"wp-block-paragraph\">\u201cHace 54 a\u00f1os, cuando se crea la asociaci\u00f3n, pr\u00e1cticamente eran invisibles. Nadie los reconoc\u00eda, incluso hab\u00eda gente que los ocultaba\u201d, ha se\u00f1alado.<\/p>  <p class=\"wp-block-paragraph\">A su juicio, uno de los grandes m\u00e9ritos de Vila y de aquellas primeras familias fue precisamente abrir un camino hacia el reconocimiento social de las personas con discapacidad intelectual.<\/p>  <p class=\"wp-block-paragraph\">Hoy, el Doble Amor dispone de un centro ocupacional que atiende a personas de Benidorm y de distintos municipios de la Marina Baixa. Por sus instalaciones han pasado durante d\u00e9cadas cientos de j\u00f3venes y familias.<\/p>  <p class=\"wp-block-paragraph\">\u201cPor ese centro, en 52 a\u00f1os, han pasado cientos y cientos de j\u00f3venes y cientos y cientos de familias que les tenemos eternamente agradecidos\u201d, ha afirmado Calvo.<\/p>  <p class=\"wp-block-paragraph\">La propia historia del Doble Amor reconoce a Vila como uno de sus socios fundadores. En 2024, la asociaci\u00f3n volvi\u00f3 a rendirle homenaje durante su tradicional cena solidaria de verano, en reconocimiento a su trayectoria y a su apoyo incondicional a la entidad.<\/p>  <p class=\"wp-block-paragraph\">Pero la figura de Casimiro Vila va mucho m\u00e1s all\u00e1 de su trayectoria institucional. Jos\u00e9 Luis Calvo tambi\u00e9n ha querido recordar al hombre que hab\u00eda detr\u00e1s del presidente.<\/p>  <p class=\"wp-block-paragraph\">Vila fue un gran aficionado a la m\u00fasica y, durante su juventud, lleg\u00f3 a actuar sobre los escenarios y a recorrer distintas partes de Espa\u00f1a. Calvo recuerda especialmente su voz de tenor y su afici\u00f3n por las rancheras, el cupl\u00e9, la canci\u00f3n cl\u00e1sica espa\u00f1ola y la canci\u00f3n napolitana.<\/p>  <p class=\"wp-block-paragraph\">\u201cTen\u00eda una magn\u00edfica voz de tenor que me dur\u00f3 pr\u00e1cticamente hasta el final\u201d, ha recordado.<\/p>  <p class=\"wp-block-paragraph\">Tambi\u00e9n ha hablado de su car\u00e1cter en la vida cotidiana: un hombre socarr\u00f3n, con sentido del humor y capaz de \u201csacarle la punta a todo\u201d.<\/p>  <p class=\"wp-block-paragraph\">Pero por encima de cualquier otra caracter\u00edstica, Calvo se queda con su calidad humana: \u201cExcepcionalmente, para m\u00ed es uno de los hombres mejores que he conocido en mi vida\u201d.<\/p>  <p class=\"wp-block-paragraph\">El fallecimiento de Casimiro Vila deja as\u00ed el recuerdo de una persona que contribuy\u00f3 decisivamente a transformar la realidad de muchas familias de Benidorm y de la comarca.<\/p>  <p class=\"wp-block-paragraph\">Su legado permanece en el propio Doble Amor, pero tambi\u00e9n en las generaciones de j\u00f3venes que han encontrado en la entidad un espacio de atenci\u00f3n, formaci\u00f3n, convivencia e integraci\u00f3n.<\/p>  <p class=\"wp-block-paragraph\">\u201cGracias a vosotros por acordarnos de la grandeza de ese hombre\u201d, fueron las palabras con las que Jos\u00e9 Luis Calvo cerr\u00f3 su conversaci\u00f3n en nuestra emisora.<\/p>  <p class=\"wp-block-paragraph\">Benidorm despide a Casimiro Vila, pero su trabajo y el camino que ayud\u00f3 a abrir hace m\u00e1s de medio siglo permanecen en una ciudad a la que dedic\u00f3 buena parte de su vida.<\/p> ","protected":false},"excerpt":{"rendered":"<p>Jos\u00e9 Luis Calvo, actual presidente y amigo personal de Vila, ha recordado la figura de quien dedic\u00f3 m\u00e1s de cuatro d\u00e9cadas a la entidad<\/p>\n","protected":false},"author":0,"featured_media":25457,"comment_status":"","ping_status":"open","sticky":false,"template":"","format":"standard","meta":{"_acf_changed":false,"footnotes":""},"categories":[1],"tags":[],"class_list":["post-25456","post","type-post","status-publish","format-standard","has-post-thumbnail","hentry","category-sin-categoria"],"acf":{"ser_id":"VQAPMVCRPVBJ5KFON3ML2S6UMQ","ser_url":"https:\/\/cadenaser.com\/comunitat-valenciana\/2026\/08\/31\/benidorm-despide-a-casimiro-vila-uno-de-los-grandes-impulsores-del-doble-amor-radio-benidorm\/"},"_links":{"self":[{"href":"https:\/\/serbenidorm.daliisolutions.com\/index.php\/wp-json\/wp\/v2\/posts\/25456","targetHints":{"allow":["GET"]}}],"collection":[{"href":"https:\/\/serbenidorm.daliisolutions.com\/index.php\/wp-json\/wp\/v2\/posts"}],"about":[{"href":"https:\/\/serbenidorm.daliisolutions.com\/index.php\/wp-json\/wp\/v2\/types\/post"}],"replies":[{"embeddable":true,"href":"https:\/\/serbenidorm.daliisolutions.com\/index.php\/wp-json\/wp\/v2\/comments?post=25456"}],"version-history":[{"count":0,"href":"https:\/\/serbenidorm.daliisolutions.com\/index.php\/wp-json\/wp\/v2\/posts\/25456\/revisions"}],"wp:featuredmedia":[{"embeddable":true,"href":"https:\/\/serbenidorm.daliisolutions.com\/index.php\/wp-json\/wp\/v2\/media\/25457"}],"wp:attachment":[{"href":"https:\/\/serbenidorm.daliisolutions.com\/index.php\/wp-json\/wp\/v2\/media?parent=25456"}],"wp:term":[{"taxonomy":"category","embeddable":true,"href":"https:\/\/serbenidorm.daliisolutions.com\/index.php\/wp-json\/wp\/v2\/categories?post=25456"},{"taxonomy":"post_tag","embeddable":true,"href":"https:\/\/serbenidorm.daliisolutions.com\/index.php\/wp-json\/wp\/v2\/tags?post=25456"}],"curies":[{"name":"wp","href":"https:\/\/api.w.org\/{rel}","templated":true}]}}