{"id":25458,"date":"2026-09-01T11:36:54","date_gmt":"2026-09-01T09:36:54","guid":{"rendered":"https:\/\/serbenidorm.daliisolutions.com\/index.php\/2026\/09\/01\/la-vila-joiosa-volvera-a-lucir-como-patrocinador-principal-de-felipe-orts\/"},"modified":"2026-09-01T11:36:54","modified_gmt":"2026-09-01T09:36:54","slug":"la-vila-joiosa-volvera-a-lucir-como-patrocinador-principal-de-felipe-orts","status":"publish","type":"post","link":"https:\/\/serbenidorm.daliisolutions.com\/index.php\/2026\/09\/01\/la-vila-joiosa-volvera-a-lucir-como-patrocinador-principal-de-felipe-orts\/","title":{"rendered":"La Vila Joiosa volver\u00e1 a lucir como patrocinador principal de Felipe Orts"},"content":{"rendered":" <p class=\"wp-block-paragraph\">Dos temporadas despu\u00e9s de una primera aventura conjunto con el Forts Team, Felipe Orts y su municipio, La Vila Joiosa, vuelven a unir sus caminos en la \u00e9lite del ciclocross internacional, esta vez sumando adem\u00e1s las fuerzas de una estructura ic\u00f3nica e hist\u00f3rica del ciclismo patrio, la Fundaci\u00f3n Euskadi, con una estructura en la que el municipio vilero aparecer\u00e1 como patrocinador principal y que, por lo tanto, saltar\u00e1 a las campas europeas bajo la denominaci\u00f3n La Vila Joiosa-Euskadi.<\/p>  <p class=\"wp-block-paragraph\">El propio Felipe Orts y el alcalde de La Vila Joiosa, Marcos Zaragoza, se encargaron de oficializar esta nueva aventura en un acto que tuvo lugar este domingo con la visita de la Vuelta a Espa\u00f1a a la localidad como tel\u00f3n de fondo acompa\u00f1ados, adem\u00e1s, por el presidente de la Fundaci\u00f3n Euskadi, I\u00f1aki Isasi, y el presidente de la Diputaci\u00f3n Provincial de Alicante, Toni P\u00e9rez.<\/p>  <p class=\"wp-block-paragraph\">Para la pr\u00f3xima temporada, Orts explic\u00f3 que su gran objetivo deportivo se centrar\u00e1 en \u201chacer una buena general en la Copa del Mundo\u201d. Por lo tanto, el mejor especialista espa\u00f1ol de todos los tiempos correr\u00e1 \u201ctodas las pruebas\u201d de un torneo que arrancar\u00e1 el 27 de noviembre en Ostrava (Rep\u00fablica Checa) y terminar\u00e1 en Hoogerheide (Pa\u00edses Bajos) el 24 de enero tras hacer parada en T\u00e1bor (Rep\u00fablica Checa), Glasgow (Escocia), Amberes, Kosijde, Gavere, Namur, Zonhoven, Hamme (B\u00e9lgica), Besan\u00e7on (Francia) y, por supuesto, Benidorm, donde lo m\u00e1s granado del barro recalar\u00e1 el d\u00eda 17 de enero.<\/p>  <p class=\"wp-block-paragraph\">El propio ciclista tambi\u00e9n apunt\u00f3 como grandes retos del a\u00f1o al Campeonato de Espa\u00f1a, que tendr\u00e1 lugar en Gij\u00f3n y donde podr\u00eda sumar su noveno maillot rojigualda consecutivo as\u00ed como al sue\u00f1o de volver a repetir una tarde m\u00e1gica en Benidorm como la vidida el pasado mes de enero, cuando logr\u00f3 subir al podio \u2018en casa\u2019. Todo ello, sin olvidar el Mundial, que se disputar\u00e1 en Ostende (B\u00e9lgica) el 31 de enero.<\/p>  <p class=\"wp-block-paragraph\">As\u00ed mismo, Orts ha manifestado su intenci\u00f3n de aprovechar su desembarco en este nuevo La Vila Joiosa-Euskadi para incluir en su calendario m\u00e1s apariciones en territorio patrio. En ese sentido, cabe recordar que la normativa de la UCI impide que los mejores corredores del r\u00e1nking internacional, entre los que se encuentra el vilero, puedan tomar parte en prueba alguna en el mismo d\u00eda en el que se dispute una Copa del Mundo por lo que Amurrio y Ordu\u00f1a aparecen como las opciones m\u00e1s posibles de encajar en la agenda.<\/p>  <p class=\"wp-block-paragraph\">El alcalde de La Vila Joiosa, Marcos Zaragoza, afirmaba que para el municipio \u201ces una enorme satisfacci\u00f3n volver a estar al lado de Felipe Orts y volver a ver el nombre de nuestra ciudad en el maillot de un deportista que representa como pocos los valores de nuestra tierra: el esfuerzo, la constancia, la humildad y la capacidad de competir al m\u00e1ximo nivel sin olvidar nunca sus ra\u00edces\u201d. <\/p>  <p class=\"wp-block-paragraph\">Zaragoza tambi\u00e9n valoraba que Felipe \u201cpara nosotros es, sobre todo, un vilero que lleva el nombre de La Vila Joiosa all\u00e1 donde compite y un referente para los ni\u00f1os y ni\u00f1as de La Vila\u201d. As\u00ed mismo, celebraba \u201cla uni\u00f3n con la Fundaci\u00f3n Euskadi\u201d que, subrayaba, \u201csupone dar un paso adelante ya que estamos hablando de una estructura de enorme prestigio dentro del ciclismo y de un proyecto que permitir\u00e1 a Felipe seguir creciendo y competir con las mejores garant\u00edas en las pr\u00f3ximas temporadas\u201d. <\/p>  <p class=\"wp-block-paragraph\">En ese mismo sentido, I\u00f1aki Isasi, presidente de la Fundaci\u00f3n Euskadi consideraba que \u201cla incorporaci\u00f3n de La Vila Joiosa a la Fundaci\u00f3n Euskadi como patrocinador principal de la estructura de ciclocross consolida nuestro proyecto global de ciclismo\u201d. Y a\u00f1ad\u00eda que \u201ccontar con un referente de talla internacional como Felipe Orts nos permite honrar la enorme tradici\u00f3n del ciclocross en nuestro territorio y proyectar nuestros valores de esfuerzo y superaci\u00f3n durante los 12 meses del a\u00f1o\u201d.<\/p>  <p class=\"wp-block-paragraph\">Visiblemente feliz por volver a contar con el apoyo decidido de su tierra, Felipe Orts explicaba que \u201cestamos trabajando en todos los detalles para que el proyecto sea una realidad desde la primera semana de octubre. Y todo con una ilusi\u00f3n enorme. S\u00f3lo tengo palabras de agradecimiento hacia la Fundaci\u00f3n Ciclista Euskadi, que me ha dado la oportunidad de integrarme dentro de su estructura, y por supuesto tambi\u00e9n hacia el Ayuntamiento de La Vila Joiosa, que apuesta por m\u00ed como embajador internacional\u201d.<\/p>  <p class=\"wp-block-paragraph\">Por su parte, Toni P\u00e9rez, presidente de la Diputaci\u00f3n de Alicante y alcalde de Benidorm valoraba que \u201ceste acuerdo representa mucho m\u00e1s que una colaboraci\u00f3n deportiva: es una apuesta estrat\u00e9gica por el ciclismo, por el talento y por la proyecci\u00f3n de nuestra provincia a nivel nacional e internacional. La provincia de Alicante mantiene una vinculaci\u00f3n extraordinariamente estrecha con el ciclismo desde hace muchos a\u00f1os, con unas condiciones privilegiadas para la pr\u00e1ctica de este deporte, tanto por nuestro clima y nuestra orograf\u00eda como por la tradici\u00f3n y la afici\u00f3n que existe\u201d.<\/p> ","protected":false},"excerpt":{"rendered":"<p>El ciclista vilero arrancar\u00e1 la temporada 2026-2027 dentro de apenas un mes tras su fichaje por la Fundaci\u00f3n Euskadi<\/p>\n","protected":false},"author":0,"featured_media":25459,"comment_status":"","ping_status":"open","sticky":false,"template":"","format":"standard","meta":{"_acf_changed":false,"footnotes":""},"categories":[16],"tags":[],"class_list":["post-25458","post","type-post","status-publish","format-standard","has-post-thumbnail","hentry","category-deportes"],"acf":{"ser_id":"7UJNMTAL7JHB7GDNC2ZU2YXSSU","ser_url":"https:\/\/cadenaser.com\/comunitat-valenciana\/2026\/08\/31\/la-vila-joiosa-volvera-a-lucir-como-patrocinador-principal-de-felipe-orts-radio-benidorm\/"},"_links":{"self":[{"href":"https:\/\/serbenidorm.daliisolutions.com\/index.php\/wp-json\/wp\/v2\/posts\/25458","targetHints":{"allow":["GET"]}}],"collection":[{"href":"https:\/\/serbenidorm.daliisolutions.com\/index.php\/wp-json\/wp\/v2\/posts"}],"about":[{"href":"https:\/\/serbenidorm.daliisolutions.com\/index.php\/wp-json\/wp\/v2\/types\/post"}],"replies":[{"embeddable":true,"href":"https:\/\/serbenidorm.daliisolutions.com\/index.php\/wp-json\/wp\/v2\/comments?post=25458"}],"version-history":[{"count":0,"href":"https:\/\/serbenidorm.daliisolutions.com\/index.php\/wp-json\/wp\/v2\/posts\/25458\/revisions"}],"wp:featuredmedia":[{"embeddable":true,"href":"https:\/\/serbenidorm.daliisolutions.com\/index.php\/wp-json\/wp\/v2\/media\/25459"}],"wp:attachment":[{"href":"https:\/\/serbenidorm.daliisolutions.com\/index.php\/wp-json\/wp\/v2\/media?parent=25458"}],"wp:term":[{"taxonomy":"category","embeddable":true,"href":"https:\/\/serbenidorm.daliisolutions.com\/index.php\/wp-json\/wp\/v2\/categories?post=25458"},{"taxonomy":"post_tag","embeddable":true,"href":"https:\/\/serbenidorm.daliisolutions.com\/index.php\/wp-json\/wp\/v2\/tags?post=25458"}],"curies":[{"name":"wp","href":"https:\/\/api.w.org\/{rel}","templated":true}]}}