{"id":25462,"date":"2026-09-01T11:36:55","date_gmt":"2026-09-01T09:36:55","guid":{"rendered":"https:\/\/serbenidorm.daliisolutions.com\/index.php\/2026\/09\/01\/miguel-bou-vuelve-a-dominar-la-travesia-de-la-isla-de-benidorm-por-quinto-ano-consecutivo\/"},"modified":"2026-09-01T11:36:55","modified_gmt":"2026-09-01T09:36:55","slug":"miguel-bou-vuelve-a-dominar-la-travesia-de-la-isla-de-benidorm-por-quinto-ano-consecutivo","status":"publish","type":"post","link":"https:\/\/serbenidorm.daliisolutions.com\/index.php\/2026\/09\/01\/miguel-bou-vuelve-a-dominar-la-travesia-de-la-isla-de-benidorm-por-quinto-ano-consecutivo\/","title":{"rendered":"Miguel Bou vuelve a dominar la Traves\u00eda de la isla de Benidorm por quinto a\u00f1o consecutivo"},"content":{"rendered":" <p class=\"wp-block-paragraph\">El nadador nuciero del Club Vila Swim Fondistas Miguel Bou ha vuelto a demostrar su dominio en las aguas de Benidorm al imponerse este domingo en la XXIV edici\u00f3n de la Traves\u00eda a Nado l\u2019Illa. <\/p>  <p class=\"wp-block-paragraph\">Bou, gran favorito en la salida, ha sumando su quinta victoria consecutiva en una de las pruebas m\u00e1s tradicionales del calendario deportivo de la ciudad, despu\u00e9s de completar los cerca de 3,6 kil\u00f3metros que separan la isla de la playa del Mal Pas en un tiempo de 41 minutos y 41 segundos.<\/p>  <p class=\"wp-block-paragraph\">El nadador de La Nuc\u00eda ha cruzado la l\u00ednea de meta con una amplia ventaja sobre sus perseguidores y ha vuelto a situarse como el gran protagonista de una competici\u00f3n que cada a\u00f1o re\u00fane a centenares de nadadores para afrontar uno de los recorridos de aguas abiertas m\u00e1s reconocibles de la Costa Blanca.<\/p>  <p class=\"wp-block-paragraph\">La segunda posici\u00f3n de la clasificaci\u00f3n absoluta ha sido para Pepe Fern\u00e1ndez, participante independiente, que ha detenido el cron\u00f3metro en 46 minutos y 20 segundos. Vicente Alonso, del Club M\u00e1ster Morvedre, ha completado el podio masculino con un registro de 47 minutos y 18 segundos.<\/p>  <p class=\"wp-block-paragraph\">La competici\u00f3n femenina ha tenido como vencedora a Iris Garc\u00eda, del Club M\u00e1ster Morvedre, que ha completado el recorrido en 54 minutos y 6 segundos. La nadadora ha mantenido una ajustada pelea por las primeras posiciones y ha terminado imponi\u00e9ndose por apenas unos segundos.<\/p>  <p class=\"wp-block-paragraph\">Melanie Mar\u00edn, del Alphaswimminpool, ha conseguido la segunda posici\u00f3n con un tiempo de 54 minutos y 27 segundos, mientras que Cruz Jover, participante independiente, ha completado el podio femenino con un registro de 54 minutos y 33 segundos.<\/p>  <p class=\"wp-block-paragraph\">En las clasificaciones locales, Vicente Solbes ha sido el primer hombre en completar la prueba con un tiempo de 49 minutos y un segundo. Eduardo Burguero y Jordi Guirado han ocupado las siguientes posiciones, con registros de 49 minutos y 5 segundos y 52 minutos, respectivamente.<\/p>  <p class=\"wp-block-paragraph\">Entre las mujeres, Melanie Mar\u00edn ha sido la primera clasificada local con 54 minutos y 27 segundos. Eliana Kirst ha terminado segunda con 54 minutos y 40 segundos, mientras que \u00c1ngeles L\u00f3pez ha ocupado la tercera posici\u00f3n con 57 minutos y 32 segundos.<\/p> ","protected":false},"excerpt":{"rendered":"<p>Iris Garc\u00eda se impuso en la prueba femenina<\/p>\n","protected":false},"author":0,"featured_media":25463,"comment_status":"","ping_status":"open","sticky":false,"template":"","format":"standard","meta":{"_acf_changed":false,"footnotes":""},"categories":[16],"tags":[],"class_list":["post-25462","post","type-post","status-publish","format-standard","has-post-thumbnail","hentry","category-deportes"],"acf":{"ser_id":"6OHSUGHWVRA67HGCM5JC4VQADU","ser_url":"https:\/\/cadenaser.com\/comunitat-valenciana\/2026\/08\/31\/miguel-bou-vuelve-a-dominar-la-travesia-de-la-isla-de-benidorm-por-quinto-ano-consecutivo-radio-benidorm\/"},"_links":{"self":[{"href":"https:\/\/serbenidorm.daliisolutions.com\/index.php\/wp-json\/wp\/v2\/posts\/25462","targetHints":{"allow":["GET"]}}],"collection":[{"href":"https:\/\/serbenidorm.daliisolutions.com\/index.php\/wp-json\/wp\/v2\/posts"}],"about":[{"href":"https:\/\/serbenidorm.daliisolutions.com\/index.php\/wp-json\/wp\/v2\/types\/post"}],"replies":[{"embeddable":true,"href":"https:\/\/serbenidorm.daliisolutions.com\/index.php\/wp-json\/wp\/v2\/comments?post=25462"}],"version-history":[{"count":0,"href":"https:\/\/serbenidorm.daliisolutions.com\/index.php\/wp-json\/wp\/v2\/posts\/25462\/revisions"}],"wp:featuredmedia":[{"embeddable":true,"href":"https:\/\/serbenidorm.daliisolutions.com\/index.php\/wp-json\/wp\/v2\/media\/25463"}],"wp:attachment":[{"href":"https:\/\/serbenidorm.daliisolutions.com\/index.php\/wp-json\/wp\/v2\/media?parent=25462"}],"wp:term":[{"taxonomy":"category","embeddable":true,"href":"https:\/\/serbenidorm.daliisolutions.com\/index.php\/wp-json\/wp\/v2\/categories?post=25462"},{"taxonomy":"post_tag","embeddable":true,"href":"https:\/\/serbenidorm.daliisolutions.com\/index.php\/wp-json\/wp\/v2\/tags?post=25462"}],"curies":[{"name":"wp","href":"https:\/\/api.w.org\/{rel}","templated":true}]}}