{"id":25464,"date":"2026-09-01T11:36:56","date_gmt":"2026-09-01T09:36:56","guid":{"rendered":"https:\/\/serbenidorm.daliisolutions.com\/index.php\/2026\/09\/01\/enric-mas-gana-en-aitana-y-sale-mas-lider-de-la-costa-blanca\/"},"modified":"2026-09-01T11:36:56","modified_gmt":"2026-09-01T09:36:56","slug":"enric-mas-gana-en-aitana-y-sale-mas-lider-de-la-costa-blanca","status":"publish","type":"post","link":"https:\/\/serbenidorm.daliisolutions.com\/index.php\/2026\/09\/01\/enric-mas-gana-en-aitana-y-sale-mas-lider-de-la-costa-blanca\/","title":{"rendered":"Enric Mas gana en Aitana y sale m\u00e1s l\u00edder de la Costa Blanca"},"content":{"rendered":" <p class=\"wp-block-paragraph\">El \u00faltimo domingo del mes de agosto lleg\u00f3 a la Marina Baixa y a la provincia de Alicante con la gran fiesta del ciclismo que supuso la visita de la Vuelta a Espa\u00f1a con una etapa de 187 kil\u00f3metros con salida en La Vila Joiosa y final en Aitana y que, con casi 5.000 metros de desnivel acumulado, presum\u00eda de ser la m\u00e1s dura de la historia de la ronda nacional.<\/p>  <p class=\"wp-block-paragraph\">Tras la ca\u00edda de Tadej Pogacar el d\u00eda anterior camino de Xeraco, la carrera llegaba a La Vila en estado de shock y con la sensaci\u00f3n extendida entre aficionados y ciclistas que la novena jornada de competici\u00f3n, la de la Costa Blanca, iba a suponer un nuevo comienzo de la carrera, mucho m\u00e1s apretada y sin un favorito tan claro como el esloveno.<\/p>  <p class=\"wp-block-paragraph\">Enric Mas, que estren\u00f3 en La Vila el primer maillot de l\u00edder de una gran vuelta que ha portado en su carrera deportiva, era el gran centro de la atenci\u00f3n. El de Art\u00e0 ten\u00eda en las rampas del interior provincial la necesidad y la obligaci\u00f3n de confirmar el buen estado de forma mostrado dos d\u00edas ante en El Bartolo y, sobre todo, de dar un golpe sobre la mesa y confirmarse con el gran rival a batir.<\/p>  <p class=\"wp-block-paragraph\">El jefe de filas de Movistar no defraud\u00f3 y no s\u00f3lo se llev\u00f3 el triunfo en la cima de Aitana, sino que tambi\u00e9n logro meter tiempo a todos sus rivales directos a excepci\u00f3n del brit\u00e1nico Oscar Onley, el \u00fanico que le pudo seguir hasta la l\u00ednea de meta.<\/p>  <p class=\"wp-block-paragraph\">Y todo ello, en una jornada en la que apenas qued\u00f3 un metro de cuneta libre y en el que, una vez m\u00e1s, la excelsa y dura orograf\u00eda alicantina volvi\u00f3 a mostrarse como un lugar de paso obligado para La Vuelta, que, una vez m\u00e1s, ha vivido en las carreteras de la Costa Blanca una de sus etapas m\u00e1s emocionantes y bonitas de los \u00faltimos tiempos.<\/p> ","protected":false},"excerpt":{"rendered":"<p>La Vuelta Espa\u00f1a vivi\u00f3 una jornada de fiesta con salida desde La Vila Joiosa<\/p>\n","protected":false},"author":0,"featured_media":25465,"comment_status":"","ping_status":"open","sticky":false,"template":"","format":"standard","meta":{"_acf_changed":false,"footnotes":""},"categories":[16],"tags":[],"class_list":["post-25464","post","type-post","status-publish","format-standard","has-post-thumbnail","hentry","category-deportes"],"acf":{"ser_id":"NNG2YRZEFJBQTFZ3HMCYGYZFOY","ser_url":"https:\/\/cadenaser.com\/comunitat-valenciana\/2026\/08\/31\/enric-mas-gana-en-aitana-y-sale-mas-lider-de-la-costa-blanca-radio-benidorm\/"},"_links":{"self":[{"href":"https:\/\/serbenidorm.daliisolutions.com\/index.php\/wp-json\/wp\/v2\/posts\/25464","targetHints":{"allow":["GET"]}}],"collection":[{"href":"https:\/\/serbenidorm.daliisolutions.com\/index.php\/wp-json\/wp\/v2\/posts"}],"about":[{"href":"https:\/\/serbenidorm.daliisolutions.com\/index.php\/wp-json\/wp\/v2\/types\/post"}],"replies":[{"embeddable":true,"href":"https:\/\/serbenidorm.daliisolutions.com\/index.php\/wp-json\/wp\/v2\/comments?post=25464"}],"version-history":[{"count":0,"href":"https:\/\/serbenidorm.daliisolutions.com\/index.php\/wp-json\/wp\/v2\/posts\/25464\/revisions"}],"wp:featuredmedia":[{"embeddable":true,"href":"https:\/\/serbenidorm.daliisolutions.com\/index.php\/wp-json\/wp\/v2\/media\/25465"}],"wp:attachment":[{"href":"https:\/\/serbenidorm.daliisolutions.com\/index.php\/wp-json\/wp\/v2\/media?parent=25464"}],"wp:term":[{"taxonomy":"category","embeddable":true,"href":"https:\/\/serbenidorm.daliisolutions.com\/index.php\/wp-json\/wp\/v2\/categories?post=25464"},{"taxonomy":"post_tag","embeddable":true,"href":"https:\/\/serbenidorm.daliisolutions.com\/index.php\/wp-json\/wp\/v2\/tags?post=25464"}],"curies":[{"name":"wp","href":"https:\/\/api.w.org\/{rel}","templated":true}]}}