{"id":25466,"date":"2026-09-01T15:26:31","date_gmt":"2026-09-01T13:26:31","guid":{"rendered":"https:\/\/serbenidorm.daliisolutions.com\/index.php\/2026\/09\/01\/toni-perez-no-teme-que-los-350-millones-del-apr7-le-pasen-factura-electoral-la-gente-conoce-la-cronologia\/"},"modified":"2026-09-01T15:26:31","modified_gmt":"2026-09-01T13:26:31","slug":"toni-perez-no-teme-que-los-350-millones-del-apr7-le-pasen-factura-electoral-la-gente-conoce-la-cronologia","status":"publish","type":"post","link":"https:\/\/serbenidorm.daliisolutions.com\/index.php\/2026\/09\/01\/toni-perez-no-teme-que-los-350-millones-del-apr7-le-pasen-factura-electoral-la-gente-conoce-la-cronologia\/","title":{"rendered":"Toni P\u00e9rez no teme que los 350 millones del APR7 le pasen factura electoral: \u201cLa gente conoce la cronolog\u00eda\u201d"},"content":{"rendered":" <p class=\"wp-block-paragraph\">El alcalde de Benidorm, Toni P\u00e9rez, afronta el inicio del nuevo curso pol\u00edtico con la mirada puesta en la recta final de la legislatura y con el objetivo de mantener el ritmo inversor de la ciudad pese al impacto econ\u00f3mico de la sentencia del APR7, que ha fijado en torno a 350 millones de euros la deuda municipal con los propietarios de los terrenos de Serra Gelada, incluidos los intereses.<\/p>  <p class=\"wp-block-paragraph\">En una entrevista en <a href=\"https:\/\/radiobenidorm.es\" target=\"_blank\" rel=\"\" title=\"https:\/\/radiobenidorm.es\">Hoy por Hoy Benidorm<\/a>, P\u00e9rez ha asegurado que la prioridad de los pr\u00f3ximos meses ser\u00e1 \u00abdar continuidad a la gesti\u00f3n\u00bb y dejar encarrilados algunos de los principales proyectos de la ciudad. Entre ellos ha situado el cumplimiento del acuerdo alcanzado con los propietarios del APR7, las obras del futuro Open Arena en la plaza de toros y el avance de las inversiones educativas y sanitarias.<\/p>  <p class=\"wp-block-paragraph\">P\u00e9rez ha defendido que Benidorm puede hacer frente a la sentencia sin que afecte a los servicios p\u00fablicos ni obligue a incrementar los impuestos municipales. El alcalde ha situado esas dos cuestiones como \u00abl\u00edneas rojas\u00bb de su gobierno y ha asegurado que la ciudad mantiene capacidad inversora pese al esfuerzo econ\u00f3mico que supone atender el acuerdo sobre los terrenos de Serra Gelada.<\/p>  <p class=\"wp-block-paragraph\">El Ayuntamiento ha comenzado ya a ejecutar el acuerdo, que contempla el pago de 60 millones de euros a los propietarios antes de final de a\u00f1o. De esa cantidad, cinco millones ya han sido abonados y el pleno municipal aprob\u00f3 recientemente destinar otros 19 millones del remanente de Tesorer\u00eda de 2025 para reducir de 55 a 36 millones el pr\u00e9stamo solicitado al Fondo de Impulso Econ\u00f3mico.<\/p>  <p class=\"wp-block-paragraph\">El alcalde ha insistido en que la sentencia debe ser \u00abatendida\u00bb y ha defendido la gesti\u00f3n econ\u00f3mica realizada por su equipo para evitar que la deuda repercuta en la prestaci\u00f3n de servicios. Tambi\u00e9n ha rechazado que la resoluci\u00f3n judicial vaya a condicionar electoralmente al PP y ha confiado en que los ciudadanos valoren la gesti\u00f3n realizada para afrontar una deuda que, seg\u00fan ha recordado, el Ayuntamiento \u201chered\u00f3 de anteriores etapas\u201d.<\/p>  <p class=\"wp-block-paragraph\">P\u00e9rez ha admitido, no obstante, que habr\u00e1 \u00abnovedades en lo econ\u00f3mico y en lo urban\u00edstico positivas\u00bb relacionadas con el APR7.<\/p>  <p class=\"wp-block-paragraph\">En paralelo, el alcalde ha confirmado que el Ayuntamiento trabaja ya en el presupuesto municipal de 2027 y ha mostrado su intenci\u00f3n de que est\u00e9 aprobado antes de que termine este a\u00f1o, aunque ha condicionado los plazos al trabajo de los departamentos de Intervenci\u00f3n, Tesorer\u00eda y Hacienda.<\/p>  <p class=\"wp-block-paragraph\">P\u00e9rez ha defendido que Benidorm mantiene unas cuentas saneadas y ha destacado que el Ayuntamiento cumple con los tr\u00e1mites de liquidaci\u00f3n presupuestaria y con las reglas fiscales. En este contexto, ha asegurado que el impacto de la sentencia del APR7 se podr\u00e1 comprobar en las cuentas municipales de los pr\u00f3ximos meses.<\/p>  <p class=\"wp-block-paragraph\">Otro de los asuntos prioritarios del inicio del curso pol\u00edtico ser\u00e1 la educaci\u00f3n. El pleno municipal ha dado el primer paso para sustituir el actual colegio Vasco N\u00fa\u00f1ez de Balboa por un nuevo centro de tres l\u00edneas, dejando atr\u00e1s la anterior tramitaci\u00f3n para rehabilitar las instalaciones existentes.<\/p>  <p class=\"wp-block-paragraph\">P\u00e9rez ha defendido el cambio de estrategia porque considera que una rehabilitaci\u00f3n parcial no resolver\u00eda los problemas estructurales y de organizaci\u00f3n de un colegio formado actualmente por seis edificaciones diferentes.<\/p>  <p class=\"wp-block-paragraph\">El proyecto plantea pasar de las actuales dos l\u00edneas y unos 450 alumnos a tres l\u00edneas, con capacidad para unos 675 escolares. El alcalde ha reconocido que el nuevo procedimiento implica nuevos tr\u00e1mites, pero ha asegurado que el Ayuntamiento buscar\u00e1 \u00abacelerar\u00bb la respuesta de la Generalitat y ha insistido en que no quiere apostar por una soluci\u00f3n provisional que obligue a volver a intervenir sobre el centro dentro de unos a\u00f1os.<\/p>  <p class=\"wp-block-paragraph\">\u00abVamos a apostar fuerte\u00bb, ha se\u00f1alado P\u00e9rez, que considera que el nuevo colegio permitir\u00eda garantizar el futuro de la comunidad educativa durante las pr\u00f3ximas d\u00e9cadas.<\/p>  <p class=\"wp-block-paragraph\">El alcalde tambi\u00e9n ha situado entre las prioridades del oto\u00f1o el avance del Centro Cultural. Tras el protocolo firmado con la Generalitat, el Ayuntamiento prev\u00e9 constituir una comisi\u00f3n que deber\u00e1 concretar los usos y encargar la redacci\u00f3n del proyecto de ejecuci\u00f3n para completar las instalaciones.<\/p>  <p class=\"wp-block-paragraph\">P\u00e9rez ha cifrado en unos 32 millones de euros el coste estimado de la terminaci\u00f3n del edificio y ha apuntado a un plazo aproximado de cuatro a\u00f1os para su ejecuci\u00f3n, aunque ha advertido de que las fechas definitivas depender\u00e1n del proyecto, la licitaci\u00f3n y los plazos administrativos.<\/p>  <p class=\"wp-block-paragraph\">El alcalde ha defendido que no se trata de una \u00absegunda fase\u00bb, sino de la culminaci\u00f3n de un equipamiento cuya estructura se levant\u00f3 con una inversi\u00f3n auton\u00f3mica de unos 26 millones de euros y que permanece sin finalizar.<\/p>  <p class=\"wp-block-paragraph\">Entre los proyectos que P\u00e9rez quiere dejar encarrilados antes del final de la legislatura se encuentra tambi\u00e9n la transformaci\u00f3n de la plaza de toros en el denominado Open Arena. El alcalde considera que permitir\u00e1 recuperar un edificio del patrimonio municipal, mejorar la conexi\u00f3n entre distintos barrios y crear nuevos espacios para actividades sociales, culturales y eventos.<\/p>  <p class=\"wp-block-paragraph\">A ello suma las obras de la avenida de l&#8217;Horta de Benidorm, conocida inicialmente como Vial Discotecas, que incluyen nuevas conexiones y rotondas en la N-332 y que suponen, seg\u00fan ha se\u00f1alado, una inversi\u00f3n municipal de unos 16 millones de euros.<\/p>  <p class=\"wp-block-paragraph\">Tambi\u00e9n ha mencionado como prioridad la mejora del Hospital de la Marina Baixa, en la Vila Joiosa, instalaci\u00f3n de referencia para los vecinos de Benidorm.<\/p>  <p class=\"wp-block-paragraph\">En materia tur\u00edstica, P\u00e9rez ha realizado un balance positivo de la temporada y ha asegurado que los principales indicadores de Benidorm est\u00e1n por encima de los registrados en 2025.<\/p>  <p class=\"wp-block-paragraph\">El alcalde ha destacado el crecimiento del alojamiento hotelero, los campings y las viviendas tur\u00edsticas, as\u00ed como el aumento de las llegadas al aeropuerto de Alicante-Elche. Tambi\u00e9n ha se\u00f1alado que algunos parques tem\u00e1ticos y establecimientos de restauraci\u00f3n han registrado buenos niveles de actividad.<\/p>  <p class=\"wp-block-paragraph\">P\u00e9rez ha reconocido, sin embargo, que el comportamiento del comercio ha sido m\u00e1s desigual y ha admitido las quejas de parte del sector. En su opini\u00f3n, el comercio minorista afronta problemas estructurales relacionados con el auge de las compras por internet y los nuevos h\u00e1bitos de consumo que trascienden la realidad de Benidorm.<\/p>  <p class=\"wp-block-paragraph\">El alcalde ha se\u00f1alado adem\u00e1s que el mercado nacional muestra signos de debilidad en el conjunto de Espa\u00f1a y que el fuerte componente internacional de Benidorm est\u00e1 ayudando a compensarlo.<\/p>  <p class=\"wp-block-paragraph\">La vivienda ser\u00e1 otro de los retos de los pr\u00f3ximos a\u00f1os. P\u00e9rez ha defendido que el Ayuntamiento mantiene el objetivo de impulsar la construcci\u00f3n de 600 viviendas de promoci\u00f3n p\u00fablica en Benidorm.<\/p>  <p class=\"wp-block-paragraph\">En este sentido, ha destacado las 117 viviendas que se est\u00e1n construyendo actualmente en Poniente dentro del Plan VIVE y ha asegurado que el objetivo es seguir sumando promociones hasta alcanzar las 600.<\/p>  <p class=\"wp-block-paragraph\">El alcalde ha reclamado adem\u00e1s cambios en la legislaci\u00f3n estatal para reforzar la seguridad jur\u00eddica de los propietarios y favorecer que viviendas actualmente vac\u00edas salgan al mercado del alquiler.<\/p>  <p class=\"wp-block-paragraph\">Con las elecciones municipales previstas para mayo de 2027 cada vez m\u00e1s cerca, P\u00e9rez ha evitado concretar cu\u00e1ndo ser\u00e1 designado candidato del Partido Popular y ha restado importancia al proceso interno abierto en el PSOE de Benidorm, que deber\u00e1 elegir entre Mario Villar y Pere Rostoll.<\/p>  <p class=\"wp-block-paragraph\">El alcalde ha asegurado que el PP cuenta con sus propios procedimientos para designar al candidato y ha reivindicado que su formaci\u00f3n lleva desde 2015 gestionando la ciudad \u00abdesde la unidad\u00bb.<\/p>  <p class=\"wp-block-paragraph\">Sobre sus rivales pol\u00edticos, P\u00e9rez ha evitado decantarse por ninguno de los aspirantes socialistas y ha se\u00f1alado que el proceso interno del PSOE \u00abno afecta a Benidorm\u00bb. A\u00fan as\u00ed ha ironizado con \u00abjugarse las canicas\u00bb a que Rostoll y Villar terminan firmando un pacto y concurriendo juntos a las Elecciones.<\/p>  <p class=\"wp-block-paragraph\">As\u00ed, el alcalde encara los \u00faltimos meses de mandato con tres grandes retos sobre la mesa: gestionar el impacto econ\u00f3mico del APR7, avanzar en proyectos estrat\u00e9gicos como el Centro Cultural y el Open Arena y mantener el ritmo de inversi\u00f3n mientras prepara, sin fecha todav\u00eda, su futuro como candidato a la alcald\u00eda.<\/p> ","protected":false},"excerpt":{"rendered":"<p>El alcalde de Benidorm asegura que \u201chabr\u00e1 Presupuestos antes de final de a\u00f1o\u201d, evita desvelar cuando ser\u00e1 designado candidato por el PP y augura un \u201cpacto\u201d entre sus rivales pol\u00edticos del Psoe<\/p>\n","protected":false},"author":0,"featured_media":25467,"comment_status":"","ping_status":"open","sticky":false,"template":"","format":"standard","meta":{"_acf_changed":false,"footnotes":""},"categories":[1],"tags":[],"class_list":["post-25466","post","type-post","status-publish","format-standard","has-post-thumbnail","hentry","category-sin-categoria"],"acf":{"ser_id":"BZLDZMKDMZC3LFCWICTBIIYM4U","ser_url":"https:\/\/cadenaser.com\/comunitat-valenciana\/2026\/09\/01\/toni-perez-no-teme-que-los-350-millones-del-apr7-le-pasen-factura-electoral-la-gente-conoce-la-cronologia-radio-benidorm\/"},"_links":{"self":[{"href":"https:\/\/serbenidorm.daliisolutions.com\/index.php\/wp-json\/wp\/v2\/posts\/25466","targetHints":{"allow":["GET"]}}],"collection":[{"href":"https:\/\/serbenidorm.daliisolutions.com\/index.php\/wp-json\/wp\/v2\/posts"}],"about":[{"href":"https:\/\/serbenidorm.daliisolutions.com\/index.php\/wp-json\/wp\/v2\/types\/post"}],"replies":[{"embeddable":true,"href":"https:\/\/serbenidorm.daliisolutions.com\/index.php\/wp-json\/wp\/v2\/comments?post=25466"}],"version-history":[{"count":0,"href":"https:\/\/serbenidorm.daliisolutions.com\/index.php\/wp-json\/wp\/v2\/posts\/25466\/revisions"}],"wp:featuredmedia":[{"embeddable":true,"href":"https:\/\/serbenidorm.daliisolutions.com\/index.php\/wp-json\/wp\/v2\/media\/25467"}],"wp:attachment":[{"href":"https:\/\/serbenidorm.daliisolutions.com\/index.php\/wp-json\/wp\/v2\/media?parent=25466"}],"wp:term":[{"taxonomy":"category","embeddable":true,"href":"https:\/\/serbenidorm.daliisolutions.com\/index.php\/wp-json\/wp\/v2\/categories?post=25466"},{"taxonomy":"post_tag","embeddable":true,"href":"https:\/\/serbenidorm.daliisolutions.com\/index.php\/wp-json\/wp\/v2\/tags?post=25466"}],"curies":[{"name":"wp","href":"https:\/\/api.w.org\/{rel}","templated":true}]}}