{"id":25468,"date":"2026-09-01T15:26:32","date_gmt":"2026-09-01T13:26:32","guid":{"rendered":"https:\/\/serbenidorm.daliisolutions.com\/index.php\/2026\/09\/01\/nuevo-corte-en-el-puente-de-villajoyosa-para-terminar-la-obra-en-octubre\/"},"modified":"2026-09-01T15:26:32","modified_gmt":"2026-09-01T13:26:32","slug":"nuevo-corte-en-el-puente-de-villajoyosa-para-terminar-la-obra-en-octubre","status":"publish","type":"post","link":"https:\/\/serbenidorm.daliisolutions.com\/index.php\/2026\/09\/01\/nuevo-corte-en-el-puente-de-villajoyosa-para-terminar-la-obra-en-octubre\/","title":{"rendered":"Nuevo corte en el puente de Villajoyosa para terminar la obra en octubre"},"content":{"rendered":" <p class=\"wp-block-paragraph\">El Ayuntamiento de Villajoyosa ha reiniciado las obras del puente sobre el r\u00edo Amadorio, en la calle Cervantes, por lo que se ha cortado uno de los carriles de nuevo en sentido a Alicante, la misma restricci\u00f3n que estaba activa hasta finales de julio, y se podr\u00e1 seguir circulando en direcci\u00f3n al centro urbano. <\/p>  <p class=\"wp-block-paragraph\">Los trabajos para terminar la ampliaci\u00f3n de esta infraestructura han arrancado de nuevo este martes, 1 de septiembre, para proceder a su finalizaci\u00f3n completa en el mes de octubre.<\/p>  <p class=\"wp-block-paragraph\">As\u00ed lo ha explicado el alcalde Marcos Zaragoza: <a href=\"https:\/\/cadenaser.com\/tag\/benidorm\/a\/\" target=\"_blank\" rel=\"\" title=\"https:\/\/cadenaser.com\/tag\/benidorm\/a\/\">\u201cLas obras para ampliar el tablero del puente se han reiniciado para poder llevar a cabo ya la fase final y terminar los trabajos\u201d<\/a>. <\/p>  <p class=\"wp-block-paragraph\">El primer edil ha recordado que \u201cel puente se abri\u00f3 de forma completa y provisional al tr\u00e1fico para las Fiestas de Moros y Cristianos y hemos mantenido el paso abierto durante el mes de agosto. Ahora, con la llegada de septiembre, volvemos a retomar las obras para terminarlas en los plazos previstos\u201d.<\/p>  <p class=\"wp-block-paragraph\">\u201cEntendemos que el reinicio de las obras supondr\u00e1 de nuevo molestias para los vecinos y conductores por el corte de un carril de tr\u00e1fico, pero estas restricciones son necesarias para terminar la ampliaci\u00f3n del puente\u201d, ha a\u00f1adido Zaragoza.<\/p>  <p class=\"wp-block-paragraph\">Marcos Zaragoza indic\u00f3 que \u201cse trata de una obra que se ha dilatado en el tiempo porque decidimos cambiar el proyecto que hab\u00eda para ampliar el tablero del puente y asegurar la infraestructura, y contar con un tramo acorde al tr\u00e1fico que soporta esta v\u00eda\u201d. <\/p>  <p class=\"wp-block-paragraph\">El puente de Cervantes fue construido entre 1840 y 1878 y cumple una funci\u00f3n fundamental de conexi\u00f3n en el municipio dando servicio a veh\u00edculos y peatones. Esta infraestructura se compone de 5 b\u00f3vedas de ladrillo que dan paso a cinco arcos de medio punto de 9 metros de luz cada uno sustentados en pilas de distinto grosor. <\/p>  <p class=\"wp-block-paragraph\">Alrededor del a\u00f1o 1950 se procedi\u00f3 a ejecutar una ampliaci\u00f3n del tablero con tipolog\u00eda tipo ribera, que fue la que ha supuesto uno de los puntos conflictivos a nivel estructural en las obras que se suspendieron en julio de 2025.<\/p>  <p class=\"wp-block-paragraph\">El proyecto de restauraci\u00f3n del puente, redactado en 2021 por el anterior equipo de gobierno, y cuyas obras de iniciaron en el mes de noviembre de 2024, se centraba inicialmente en la reparaci\u00f3n de los da\u00f1os ocasionados por el paso del tiempo, como la humedad en la estructura y las filtraciones de agua. <\/p>  <p class=\"wp-block-paragraph\">Los trabajos in situ revelaron deficiencias en ampliaciones pasadas, por lo que el actual gobierno local tom\u00f3 la decisi\u00f3n de suspender las obras e incorporar modificaciones t\u00e9cnicas y funcionales significativas, con el objetivo de asegurar la durabilidad a largo plazo de la infraestructura y mejorar sustancialmente la accesibilidad y la movilidad en el puente.<\/p> ","protected":false},"excerpt":{"rendered":"<p>Las \u00faltimas actuaciones sobre el r\u00edo Amadorio provocan el cierre del carril hacia Alicante<\/p>\n","protected":false},"author":0,"featured_media":25469,"comment_status":"","ping_status":"open","sticky":false,"template":"","format":"standard","meta":{"_acf_changed":false,"footnotes":""},"categories":[1],"tags":[],"class_list":["post-25468","post","type-post","status-publish","format-standard","has-post-thumbnail","hentry","category-sin-categoria"],"acf":{"ser_id":"PDM5MICBE5CLZEA36OTIPVTFAE","ser_url":"https:\/\/cadenaser.com\/comunitat-valenciana\/2026\/09\/01\/nuevo-corte-en-el-puente-de-villajoyosa-para-terminar-la-obra-en-octubre-radio-benidorm\/"},"_links":{"self":[{"href":"https:\/\/serbenidorm.daliisolutions.com\/index.php\/wp-json\/wp\/v2\/posts\/25468","targetHints":{"allow":["GET"]}}],"collection":[{"href":"https:\/\/serbenidorm.daliisolutions.com\/index.php\/wp-json\/wp\/v2\/posts"}],"about":[{"href":"https:\/\/serbenidorm.daliisolutions.com\/index.php\/wp-json\/wp\/v2\/types\/post"}],"replies":[{"embeddable":true,"href":"https:\/\/serbenidorm.daliisolutions.com\/index.php\/wp-json\/wp\/v2\/comments?post=25468"}],"version-history":[{"count":0,"href":"https:\/\/serbenidorm.daliisolutions.com\/index.php\/wp-json\/wp\/v2\/posts\/25468\/revisions"}],"wp:featuredmedia":[{"embeddable":true,"href":"https:\/\/serbenidorm.daliisolutions.com\/index.php\/wp-json\/wp\/v2\/media\/25469"}],"wp:attachment":[{"href":"https:\/\/serbenidorm.daliisolutions.com\/index.php\/wp-json\/wp\/v2\/media?parent=25468"}],"wp:term":[{"taxonomy":"category","embeddable":true,"href":"https:\/\/serbenidorm.daliisolutions.com\/index.php\/wp-json\/wp\/v2\/categories?post=25468"},{"taxonomy":"post_tag","embeddable":true,"href":"https:\/\/serbenidorm.daliisolutions.com\/index.php\/wp-json\/wp\/v2\/tags?post=25468"}],"curies":[{"name":"wp","href":"https:\/\/api.w.org\/{rel}","templated":true}]}}