{"id":25470,"date":"2026-09-01T15:26:34","date_gmt":"2026-09-01T13:26:34","guid":{"rendered":"https:\/\/serbenidorm.daliisolutions.com\/index.php\/2026\/09\/01\/el-club-de-rugby-la-vila-lanza-su-campana-de-abonos-para-la-nueva-temporada\/"},"modified":"2026-09-01T15:26:34","modified_gmt":"2026-09-01T13:26:34","slug":"el-club-de-rugby-la-vila-lanza-su-campana-de-abonos-para-la-nueva-temporada","status":"publish","type":"post","link":"https:\/\/serbenidorm.daliisolutions.com\/index.php\/2026\/09\/01\/el-club-de-rugby-la-vila-lanza-su-campana-de-abonos-para-la-nueva-temporada\/","title":{"rendered":"El Club de Rugby La Vila lanza su campa\u00f1a de abonos para la nueva temporada"},"content":{"rendered":" <p class=\"wp-block-paragraph\">El Club de Rugby La Vila ha puesto ya a la venta los abonos para vivir la que ser\u00e1 la tercera temporada consecutiva en la m\u00e1xima categor\u00eda de su primer equipo, el Huesitos-La Vila. Tras haber dado un gran paso adelante en la campa\u00f1a 2025-2026, logrando el gran objetivo, la salvaci\u00f3n, al final de la primera vuelta; los de Hern\u00e1n \u2018Falu\u2019 Quirelli regresar\u00e1n al Pantano con la intenci\u00f3n de seguir asentando el proyecto en la Divisi\u00f3n de Honor.<\/p>  <p class=\"wp-block-paragraph\">Para ello, y a las puertas de una temporada que llega con <a href=\"https:\/\/cadenaser.com\/comunitat-valenciana\/2026\/08\/03\/el-huesitos-la-vila-arrancara-la-liga-visitando-al-vigente-campeon-radio-benidorm\/\" target=\"_blank\" rel=\"\">importantes novedades en lo que al desarrollo del calendario se refiere<\/a>, la entidad ha lanzado ya la campa\u00f1a de abonos para sus aficionados.<\/p>  <p class=\"wp-block-paragraph\">As\u00ed las cosas, el abono general, que dar\u00e1 acceso a todos los partidos de liga que el Huesitos-La Vila dispute como local, a los de Copa del Rey en El Pantano y a los del equipo Sub-23 sale a la venta por un precio de 180 euros. Desde el Club de Rugby La Vila se quiere, as\u00ed mismo, potenciar los domingos de rugby como una opci\u00f3n de ocio familiar y, para ello, se ha establecido un precio de 120 euros para los pases familiares. <\/p>  <p class=\"wp-block-paragraph\">En todos los casos, los poseedores de esos abonos podr\u00e1n disfrutar de una bebida gratuita en los partidos a los que acudan a animar al XV chocolatero.<\/p>  <p class=\"wp-block-paragraph\">Aunque el Club de Rugby La Vila cuenta ya con una s\u00f3lida base de aficionados que no dejan solos a los suyos en cada uno de los partidos del Pantano, desde la entidad se va a hacer un importante esfuerzo para tratar de ampliar la hinchada.<\/p>  <p class=\"wp-block-paragraph\">As\u00ed, todos aquellos socios que decidan renovar su abono de otras temporadas y que, adem\u00e1s, lleven a otros dos nuevos socios con ellos, ver\u00e1n reducida su cuota a 120 euros. Adem\u00e1s, los nuevos socios tambi\u00e9n disfrutar\u00e1n de un descuento especial con la cuota del abono general en 150 euros.<\/p>  <p class=\"wp-block-paragraph\">Los interesados en hacerse con los abonos para la pr\u00f3xima temporada podr\u00e1n pedir m\u00e1s informaci\u00f3n y formalizar su compra en <a href=\"https:\/\/l.facebook.com\/l.php?u=https%3A%2F%2Fdocs.google.com%2Fforms%2Fd%2F16WTPXCAc0VrlpXSuycWdPjlPMnELTjZy8zBk6L5XMS0%2Fviewform%3Fedit_requested%3Dtrue&amp;h=AUAdQhVICb-2GaEfm07_1vHu6vu8jQ9v_AdgrPa9j16r1gh-vSaTXGcsPgXqwNiVqQFGmrcaPHIRibzxpczQPWLzmhrjPT4jPAXIbe4eZA2NHoxKB5PqyVUmS53S3AQRRA\" target=\"_blank\" rel=\"\">este enlace<\/a>.<\/p> ","protected":false},"excerpt":{"rendered":"<p>El pase dar\u00e1 acceso a todos los partidos de la Divisi\u00f3n de Honor, Copa del Rey y del equipo Sub-23<\/p>\n","protected":false},"author":0,"featured_media":25471,"comment_status":"","ping_status":"open","sticky":false,"template":"","format":"standard","meta":{"_acf_changed":false,"footnotes":""},"categories":[16],"tags":[],"class_list":["post-25470","post","type-post","status-publish","format-standard","has-post-thumbnail","hentry","category-deportes"],"acf":{"ser_id":"IGJWV67TNFCLZATZSAJ4E5AC64","ser_url":"https:\/\/cadenaser.com\/comunitat-valenciana\/2026\/09\/01\/el-club-de-rugby-la-vila-lanza-su-campana-de-abonos-para-la-nueva-temporada-radio-benidorm\/"},"_links":{"self":[{"href":"https:\/\/serbenidorm.daliisolutions.com\/index.php\/wp-json\/wp\/v2\/posts\/25470","targetHints":{"allow":["GET"]}}],"collection":[{"href":"https:\/\/serbenidorm.daliisolutions.com\/index.php\/wp-json\/wp\/v2\/posts"}],"about":[{"href":"https:\/\/serbenidorm.daliisolutions.com\/index.php\/wp-json\/wp\/v2\/types\/post"}],"replies":[{"embeddable":true,"href":"https:\/\/serbenidorm.daliisolutions.com\/index.php\/wp-json\/wp\/v2\/comments?post=25470"}],"version-history":[{"count":0,"href":"https:\/\/serbenidorm.daliisolutions.com\/index.php\/wp-json\/wp\/v2\/posts\/25470\/revisions"}],"wp:featuredmedia":[{"embeddable":true,"href":"https:\/\/serbenidorm.daliisolutions.com\/index.php\/wp-json\/wp\/v2\/media\/25471"}],"wp:attachment":[{"href":"https:\/\/serbenidorm.daliisolutions.com\/index.php\/wp-json\/wp\/v2\/media?parent=25470"}],"wp:term":[{"taxonomy":"category","embeddable":true,"href":"https:\/\/serbenidorm.daliisolutions.com\/index.php\/wp-json\/wp\/v2\/categories?post=25470"},{"taxonomy":"post_tag","embeddable":true,"href":"https:\/\/serbenidorm.daliisolutions.com\/index.php\/wp-json\/wp\/v2\/tags?post=25470"}],"curies":[{"name":"wp","href":"https:\/\/api.w.org\/{rel}","templated":true}]}}