{"id":25472,"date":"2026-09-01T15:26:35","date_gmt":"2026-09-01T13:26:35","guid":{"rendered":"https:\/\/serbenidorm.daliisolutions.com\/index.php\/2026\/09\/01\/el-club-voleibol-playas-de-benidorm-vuelve-al-trabajo\/"},"modified":"2026-09-01T15:26:35","modified_gmt":"2026-09-01T13:26:35","slug":"el-club-voleibol-playas-de-benidorm-vuelve-al-trabajo","status":"publish","type":"post","link":"https:\/\/serbenidorm.daliisolutions.com\/index.php\/2026\/09\/01\/el-club-voleibol-playas-de-benidorm-vuelve-al-trabajo\/","title":{"rendered":"El Club Voleibol Playas de Benidorm vuelve al trabajo"},"content":{"rendered":" <p class=\"wp-block-paragraph\">A falta de poco m\u00e1s de un mes para que se ponga en marcha la competici\u00f3n liguera de sus dos principales equipos, el Club Voleibol Playas de Benidorm ha vuelto ya al trabajo para preparar una nueva temporada en la que, una vez m\u00e1s, el mayor foco de atenci\u00f3n recaer\u00e1 en el Servigroup Benidorm de Superliga Masculina.<\/p>  <p class=\"wp-block-paragraph\">Tras debutar en la \u00e9lite del v\u00f3ley nacional logrando el objetivo principal, la salvaci\u00f3n, el equipo que volver\u00e1 a dirigir este a\u00f1o el argentino Mat\u00edas Guidolin tratar\u00e1 de asentarse en una competici\u00f3n que sigue creciendo a\u00f1o a a\u00f1o y cuyo nivel todav\u00eda no parece haber encontrado su techo.<\/p>  <p class=\"wp-block-paragraph\">Por ello, y tras haber logrado la salvaci\u00f3n en una \u00faltima jornada de infarto en la cancha del Legan\u00e9s, el Servigroup Benidorm se ha reforzado con la clara intenci\u00f3n de poder aspirar a situarse en la zona media de la clasificaci\u00f3n e, incluso, pelear por meterse en la pr\u00f3xima edici\u00f3n de la Copa del Rey y, en el mejor de los casos, entre los equipos que pelear\u00e1n por el t\u00edtulo al final de la fase regular de la competici\u00f3n.<\/p>  <p class=\"wp-block-paragraph\">Mientras que la Superliga Masculina dar\u00e1 comienzo el d\u00eda 17 de octubre, la competici\u00f3n en la renovada Superliga 2 Femenina lo har\u00e1 un poco antes, el d\u00eda 3 de octubre, por lo que Sonia Garc\u00eda y las suyas tendr\u00e1n un poco de menos tiempo para ponerse a punto antes del inicio del curso liguero.<\/p>  <p class=\"wp-block-paragraph\">En su caso, y con una de las plantillas m\u00e1s j\u00f3venes del voleibol nacional, el principal objetivo pasar\u00e1 por seguir desarrollando el enorme talento que, como confirman los \u00faltimos resultados en los auton\u00f3micos y nacionales de las categor\u00edas inferiores, sigue atesorando una cantera inacabable.<\/p> ","protected":false},"excerpt":{"rendered":"<p>El equipo de Superliga Femenina 2 ser\u00e1 el primero en debutar el pr\u00f3ximo 3 de octubre<\/p>\n","protected":false},"author":0,"featured_media":25473,"comment_status":"","ping_status":"open","sticky":false,"template":"","format":"standard","meta":{"_acf_changed":false,"footnotes":""},"categories":[16],"tags":[],"class_list":["post-25472","post","type-post","status-publish","format-standard","has-post-thumbnail","hentry","category-deportes"],"acf":{"ser_id":"K6DQVR7W5RBILHVSCQYABKGUO4","ser_url":"https:\/\/cadenaser.com\/comunitat-valenciana\/2026\/09\/01\/el-club-voleibol-playas-de-benidorm-vuelve-al-trabajo-radio-benidorm\/"},"_links":{"self":[{"href":"https:\/\/serbenidorm.daliisolutions.com\/index.php\/wp-json\/wp\/v2\/posts\/25472","targetHints":{"allow":["GET"]}}],"collection":[{"href":"https:\/\/serbenidorm.daliisolutions.com\/index.php\/wp-json\/wp\/v2\/posts"}],"about":[{"href":"https:\/\/serbenidorm.daliisolutions.com\/index.php\/wp-json\/wp\/v2\/types\/post"}],"replies":[{"embeddable":true,"href":"https:\/\/serbenidorm.daliisolutions.com\/index.php\/wp-json\/wp\/v2\/comments?post=25472"}],"version-history":[{"count":0,"href":"https:\/\/serbenidorm.daliisolutions.com\/index.php\/wp-json\/wp\/v2\/posts\/25472\/revisions"}],"wp:featuredmedia":[{"embeddable":true,"href":"https:\/\/serbenidorm.daliisolutions.com\/index.php\/wp-json\/wp\/v2\/media\/25473"}],"wp:attachment":[{"href":"https:\/\/serbenidorm.daliisolutions.com\/index.php\/wp-json\/wp\/v2\/media?parent=25472"}],"wp:term":[{"taxonomy":"category","embeddable":true,"href":"https:\/\/serbenidorm.daliisolutions.com\/index.php\/wp-json\/wp\/v2\/categories?post=25472"},{"taxonomy":"post_tag","embeddable":true,"href":"https:\/\/serbenidorm.daliisolutions.com\/index.php\/wp-json\/wp\/v2\/tags?post=25472"}],"curies":[{"name":"wp","href":"https:\/\/api.w.org\/{rel}","templated":true}]}}