{"id":25474,"date":"2026-09-01T15:26:35","date_gmt":"2026-09-01T13:26:35","guid":{"rendered":"https:\/\/serbenidorm.daliisolutions.com\/index.php\/2026\/09\/01\/el-futuro-del-boxeo-mundial-se-da-cita-en-la-nucia\/"},"modified":"2026-09-01T15:26:35","modified_gmt":"2026-09-01T13:26:35","slug":"el-futuro-del-boxeo-mundial-se-da-cita-en-la-nucia","status":"publish","type":"post","link":"https:\/\/serbenidorm.daliisolutions.com\/index.php\/2026\/09\/01\/el-futuro-del-boxeo-mundial-se-da-cita-en-la-nucia\/","title":{"rendered":"El futuro del boxeo mundial se da cita en La Nuc\u00eda"},"content":{"rendered":" <p class=\"wp-block-paragraph\">El Pabell\u00f3n Camilo Cano de La Nuc\u00eda se convierte desde este martes y hasta el s\u00e1bado 5 de septiembre en el epicentro del boxeo de formaci\u00f3n internacional con la celebraci\u00f3n del Boxam Internacional sub-19, sub-17 y sub-15, una competici\u00f3n que re\u00fane a 250 j\u00f3venes boxeadores de 21 pa\u00edses y que permitir\u00e1 ver en acci\u00f3n a algunas de las principales promesas del boxeo ol\u00edmpico.<\/p>  <p class=\"wp-block-paragraph\">El torneo, organizado por la Real Federaci\u00f3n Espa\u00f1ola de Boxeo, World Boxing y European Boxing, cuenta con la colaboraci\u00f3n del Comit\u00e9 Ol\u00edmpico Espa\u00f1ol, el Consejo Superior de Deportes, la Generalitat Valenciana, la Diputaci\u00f3n de Alicante y el Ayuntamiento de La Nuc\u00eda. La entrada ser\u00e1 libre y gratuita durante los cinco d\u00edas de competici\u00f3n, que comenzar\u00e1 cada jornada a partir de las 15:30 horas.<\/p>  <p class=\"wp-block-paragraph\">La presentaci\u00f3n oficial del campeonato ha contado con la presencia del alcalde de La Nuc\u00eda, Bernab\u00e9 Cano; el presidente de la Real Federaci\u00f3n Espa\u00f1ola de Boxeo, Felipe Mart\u00ednez; y el concejal de Deportes, Sergio Villalba. Durante cinco jornadas, el municipio volver\u00e1 a acoger una cita que se ha consolidado dentro del calendario internacional de las categor\u00edas de formaci\u00f3n.<\/p>  <p class=\"wp-block-paragraph\">Bernab\u00e9 Cano ha destacado el impacto deportivo y econ\u00f3mico que supone para el municipio la celebraci\u00f3n del Boxam. El alcalde ha se\u00f1alado que 250 j\u00f3venes procedentes de 21 pa\u00edses competir\u00e1n en La Nuc\u00eda, convirtiendo la localidad en escaparate internacional de las futuras estrellas del boxeo y generando, adem\u00e1s, miles de pernoctaciones durante una semana de intensa actividad.<\/p>  <p class=\"wp-block-paragraph\">La competici\u00f3n reunir\u00e1 a participantes tanto en categor\u00eda masculina como femenina y permitir\u00e1 comprobar la evoluci\u00f3n de deportistas que aspiran a convertirse en referentes del boxeo internacional durante los pr\u00f3ximos a\u00f1os.<\/p>  <p class=\"wp-block-paragraph\">La dimensi\u00f3n internacional del campeonato queda reflejada en la procedencia de los participantes. Junto a Espa\u00f1a, que ejerce como pa\u00eds anfitri\u00f3n, estar\u00e1n presentes selecciones y equipos de numerosos pa\u00edses europeos, entre ellos Pa\u00edses Bajos, Polonia, Francia, Islandia, Portugal, Austria, B\u00e9lgica, Ucrania, Letonia, Dinamarca, Ruman\u00eda, Serbia y Bosnia y Herzegovina.<\/p>  <p class=\"wp-block-paragraph\">La participaci\u00f3n se extiende adem\u00e1s a otros continentes. Asia estar\u00e1 representada por Kuwait, Palestina y Turkmenist\u00e1n, mientras que desde Am\u00e9rica llegar\u00e1n boxeadores de Venezuela, M\u00e9xico y Puerto Rico. Nueva Zelanda completar\u00e1 la representaci\u00f3n de Ocean\u00eda.<\/p>  <p class=\"wp-block-paragraph\">En total, la organizaci\u00f3n prev\u00e9 alrededor de 400 personas vinculadas directamente al campeonato, una cifra que refleja el alcance de una competici\u00f3n que no se limita \u00fanicamente a los combates. Varios de los equipos participantes han aprovechado adem\u00e1s su desplazamiento a La Nuc\u00eda para realizar un campamento de entrenamiento previo durante la semana anterior al inicio del Boxam.<\/p>  <p class=\"wp-block-paragraph\">El Boxam Internacional se disputar\u00e1 desde este martes 1 de septiembre hasta el s\u00e1bado 5 de septiembre en el Pabell\u00f3n Camilo Cano. Las sesiones comenzar\u00e1n diariamente a las 15:30 horas, mientras que las finales se celebrar\u00e1n el viernes y el s\u00e1bado en funci\u00f3n de las diferentes categor\u00edas de edad.<\/p>  <p class=\"wp-block-paragraph\">El p\u00fablico podr\u00e1 acceder al recinto de manera gratuita para seguir en directo los combates de las j\u00f3venes promesas del boxeo. Adem\u00e1s, la competici\u00f3n podr\u00e1 seguirse tambi\u00e9n a trav\u00e9s de internet mediante las retransmisiones en directo ofrecidas por la Real Federaci\u00f3n Espa\u00f1ola de Boxeo.<\/p>  <p class=\"wp-block-paragraph\">La cita supone, por tanto, una nueva oportunidad para que La Nuc\u00eda, Ciudad del Deporte, proyecte su imagen como sede de grandes acontecimientos deportivos y como punto de encuentro para deportistas procedentes de diferentes partes del mundo.<\/p>  <p class=\"wp-block-paragraph\">La celebraci\u00f3n del Boxam de categor\u00edas inferiores en La Nuc\u00eda no es una novedad. El municipio acoge este a\u00f1o por cuarta edici\u00f3n consecutiva este torneo, el mismo n\u00famero de veces que ha ejercido como sede del Boxam Internacional de categor\u00eda \u00c9lite.<\/p>  <p class=\"wp-block-paragraph\">La competici\u00f3n de formaci\u00f3n naci\u00f3 en 2017 y alcanza en 2026 su octava edici\u00f3n, consolid\u00e1ndose como una de las citas internacionales de referencia para j\u00f3venes boxeadores que buscan adquirir experiencia competitiva frente a rivales de diferentes escuelas y pa\u00edses.<\/p>  <p class=\"wp-block-paragraph\">El presidente de la Real Federaci\u00f3n Espa\u00f1ola de Boxeo, Felipe Mart\u00ednez, ha valorado precisamente la creciente dimensi\u00f3n internacional de la cita y ha destacado la presencia de equipos llegados de distintos puntos del mundo. Para el dirigente federativo, la continuidad del campeonato demuestra el trabajo que se est\u00e1 realizando para impulsar el boxeo espa\u00f1ol.<\/p>  <p class=\"wp-block-paragraph\">La presencia de deportistas de tantos pa\u00edses permite adem\u00e1s que los j\u00f3venes espa\u00f1oles puedan medirse a estilos diferentes y adquirir experiencia internacional en una etapa fundamental de su formaci\u00f3n.<\/p>  <p class=\"wp-block-paragraph\">M\u00e1s all\u00e1 de los resultados que se produzcan esta semana, el Boxam tendr\u00e1 especial importancia para los boxeadores de categor\u00eda sub-17, ya que el torneo servir\u00e1 como test preparatorio para el Campeonato de Europa sub-17, que se celebrar\u00e1 el pr\u00f3ximo mes de octubre en Budva, Montenegro.<\/p>  <p class=\"wp-block-paragraph\">Espa\u00f1a contar\u00e1 con una amplia representaci\u00f3n, con m\u00e1s de 50 boxeadores, entre ellos deportistas que han participado recientemente en los Campeonatos de Europa U19 disputados en Loznica, Serbia.<\/p>  <p class=\"wp-block-paragraph\">La selecci\u00f3n espa\u00f1ola regres\u00f3 directamente desde la ciudad balc\u00e1nica a La Nuc\u00eda para incorporarse al campamento de entrenamiento previo al Boxam. En esos campeonatos continentales, Espa\u00f1a logr\u00f3 tres medallas, dos de plata y una de bronce, seg\u00fan los datos facilitados por la organizaci\u00f3n, con los podios de Andrea Buelga, Samuel Antezana y Cristina Peinado.<\/p>  <p class=\"wp-block-paragraph\">El campeonato de La Nuc\u00eda se presenta as\u00ed como una nueva oportunidad para que estos j\u00f3venes deportistas contin\u00faen acumulando experiencia y midiendo su nivel antes de afrontar nuevas citas internacionales.<\/p>  <p class=\"wp-block-paragraph\">Con el Pabell\u00f3n Camilo Cano como escenario, La Nuc\u00eda vuelve a situarse durante cinco d\u00edas en el mapa internacional del boxeo ol\u00edmpico, con una competici\u00f3n que combina deporte de alto nivel, formaci\u00f3n y proyecci\u00f3n internacional y que permitir\u00e1 al p\u00fablico disfrutar gratuitamente de las futuras figuras de este deporte.<\/p> ","protected":false},"excerpt":{"rendered":"<p>Un total de 250 j\u00f3venes p\u00fagiles de 21 pa\u00edses participar\u00e1n en el \u2018Boxam\u2019 hasta el pr\u00f3ximo s\u00e1bado<\/p>\n","protected":false},"author":0,"featured_media":25475,"comment_status":"","ping_status":"open","sticky":false,"template":"","format":"standard","meta":{"_acf_changed":false,"footnotes":""},"categories":[16],"tags":[],"class_list":["post-25474","post","type-post","status-publish","format-standard","has-post-thumbnail","hentry","category-deportes"],"acf":{"ser_id":"DUZP7TX7QJBATLJV22IJFJNR4E","ser_url":"https:\/\/cadenaser.com\/comunitat-valenciana\/2026\/09\/01\/el-futuro-del-boxeo-mundial-se-da-cita-en-la-nucia-radio-benidorm\/"},"_links":{"self":[{"href":"https:\/\/serbenidorm.daliisolutions.com\/index.php\/wp-json\/wp\/v2\/posts\/25474","targetHints":{"allow":["GET"]}}],"collection":[{"href":"https:\/\/serbenidorm.daliisolutions.com\/index.php\/wp-json\/wp\/v2\/posts"}],"about":[{"href":"https:\/\/serbenidorm.daliisolutions.com\/index.php\/wp-json\/wp\/v2\/types\/post"}],"replies":[{"embeddable":true,"href":"https:\/\/serbenidorm.daliisolutions.com\/index.php\/wp-json\/wp\/v2\/comments?post=25474"}],"version-history":[{"count":0,"href":"https:\/\/serbenidorm.daliisolutions.com\/index.php\/wp-json\/wp\/v2\/posts\/25474\/revisions"}],"wp:featuredmedia":[{"embeddable":true,"href":"https:\/\/serbenidorm.daliisolutions.com\/index.php\/wp-json\/wp\/v2\/media\/25475"}],"wp:attachment":[{"href":"https:\/\/serbenidorm.daliisolutions.com\/index.php\/wp-json\/wp\/v2\/media?parent=25474"}],"wp:term":[{"taxonomy":"category","embeddable":true,"href":"https:\/\/serbenidorm.daliisolutions.com\/index.php\/wp-json\/wp\/v2\/categories?post=25474"},{"taxonomy":"post_tag","embeddable":true,"href":"https:\/\/serbenidorm.daliisolutions.com\/index.php\/wp-json\/wp\/v2\/tags?post=25474"}],"curies":[{"name":"wp","href":"https:\/\/api.w.org\/{rel}","templated":true}]}}