{"id":25478,"date":"2026-09-02T20:08:35","date_gmt":"2026-09-02T18:08:35","guid":{"rendered":"https:\/\/serbenidorm.daliisolutions.com\/index.php\/2026\/09\/02\/la-cuenta-atras-de-alvaro-such-rey-cristiano-de-altea-2026\/"},"modified":"2026-09-02T20:08:35","modified_gmt":"2026-09-02T18:08:35","slug":"la-cuenta-atras-de-alvaro-such-rey-cristiano-de-altea-2026","status":"publish","type":"post","link":"https:\/\/serbenidorm.daliisolutions.com\/index.php\/2026\/09\/02\/la-cuenta-atras-de-alvaro-such-rey-cristiano-de-altea-2026\/","title":{"rendered":"La cuenta atr\u00e1s de \u00c1lvaro Such, rey cristiano de Altea 2026"},"content":{"rendered":" <p class=\"wp-block-paragraph\">\u00c1lvaro Such se convertir\u00e1 este a\u00f1o en el rey cristiano de las fiestas de Moros y Cristianos de Altea despu\u00e9s de una d\u00e9cada vinculado a la celebraci\u00f3n. El integrante de Cristianos de la Muralla nos ha contado este lunes en <a href=\"https:\/\/cadenaser.com\/tag\/benidorm\/a\/\" target=\"_blank\" rel=\"\" title=\"https:\/\/cadenaser.com\/tag\/benidorm\/a\/\">La Ventana de la Marina Baixa<\/a>, entre marchas tradicionales y m\u00fasicas modernas, c\u00f3mo ha conseguido hacer realidad uno de sus grandes sue\u00f1os desde que entr\u00f3 en esta importante fiesta de finales de septiembre.<\/p>  <p class=\"wp-block-paragraph\">Su fil\u00e0 ha experimentado, explica, un importante crecimiento en los \u00faltimos a\u00f1os. Despu\u00e9s de atravesar una etapa en la que estuvo cerca de desaparecer, Cristianos de la Muralla ha superado ya el centenar de integrantes. La formaci\u00f3n tambi\u00e9n ha consolidado el relevo generacional con festeros de diferentes edades que comparten actos y preparativos durante las fiestas. <\/p>  <p class=\"wp-block-paragraph\">El momento m\u00e1s esperado para \u00c1lvaro, tambi\u00e9n conocido como Xusco, llegar\u00e1 el lunes 28 de septiembre con su desfile. Comenzar\u00e1 a las siete de la tarde y se prolongar\u00e1 durante aproximadamente tres horas y media o cuatro. \u00c9l cerrar\u00e1 el recorrido como rey cristiano, acompa\u00f1ado por el abanderado y la embajadora, dos amigos con los que comparte fil\u00e0 y varios a\u00f1os de trayectoria festera. <\/p>  <p class=\"wp-block-paragraph\">Hasta llegar a ese d\u00eda afrontar\u00e1 un intenso calendario de actividades y preparativos. Septiembre incluye un torneo de f\u00fatbol sala 24 horas, un concurso de paellas, actividades infantiles, cena de cargos o la presentaci\u00f3n de los trajes que cada pe\u00f1a lucir\u00e1 en el desfile.<\/p>  <p class=\"wp-block-paragraph\">\u00c1lvaro ha querido destacar el respaldo que ha recibido de los integrantes de Cristianos de la Muralla y de su familia durante los preparativos del reinado, especialmente por parte de su madre. Tambi\u00e9n ha reconocido que compaginar\u00e1 las noches de fiesta con los actos matinales y ha previsto limitar sus horarios para poder afrontar las jornadas con garant\u00edas.<\/p> ","protected":false},"excerpt":{"rendered":"<p>Con diez a\u00f1os de trayectoria festera en Cristianos de la Muralla<\/p>\n","protected":false},"author":0,"featured_media":25479,"comment_status":"","ping_status":"open","sticky":false,"template":"","format":"standard","meta":{"_acf_changed":false,"footnotes":""},"categories":[1],"tags":[],"class_list":["post-25478","post","type-post","status-publish","format-standard","has-post-thumbnail","hentry","category-sin-categoria"],"acf":{"ser_id":"OMAR2RJ265AJZJQOAGJ4WJLMWU","ser_url":"https:\/\/cadenaser.com\/comunitat-valenciana\/2026\/09\/02\/la-cuenta-atras-de-alvaro-such-rey-cristiano-de-altea-2026-radio-benidorm\/"},"_links":{"self":[{"href":"https:\/\/serbenidorm.daliisolutions.com\/index.php\/wp-json\/wp\/v2\/posts\/25478","targetHints":{"allow":["GET"]}}],"collection":[{"href":"https:\/\/serbenidorm.daliisolutions.com\/index.php\/wp-json\/wp\/v2\/posts"}],"about":[{"href":"https:\/\/serbenidorm.daliisolutions.com\/index.php\/wp-json\/wp\/v2\/types\/post"}],"replies":[{"embeddable":true,"href":"https:\/\/serbenidorm.daliisolutions.com\/index.php\/wp-json\/wp\/v2\/comments?post=25478"}],"version-history":[{"count":0,"href":"https:\/\/serbenidorm.daliisolutions.com\/index.php\/wp-json\/wp\/v2\/posts\/25478\/revisions"}],"wp:featuredmedia":[{"embeddable":true,"href":"https:\/\/serbenidorm.daliisolutions.com\/index.php\/wp-json\/wp\/v2\/media\/25479"}],"wp:attachment":[{"href":"https:\/\/serbenidorm.daliisolutions.com\/index.php\/wp-json\/wp\/v2\/media?parent=25478"}],"wp:term":[{"taxonomy":"category","embeddable":true,"href":"https:\/\/serbenidorm.daliisolutions.com\/index.php\/wp-json\/wp\/v2\/categories?post=25478"},{"taxonomy":"post_tag","embeddable":true,"href":"https:\/\/serbenidorm.daliisolutions.com\/index.php\/wp-json\/wp\/v2\/tags?post=25478"}],"curies":[{"name":"wp","href":"https:\/\/api.w.org\/{rel}","templated":true}]}}