{"id":25480,"date":"2026-09-03T08:16:11","date_gmt":"2026-09-03T06:16:11","guid":{"rendered":"https:\/\/serbenidorm.daliisolutions.com\/index.php\/2026\/09\/03\/5-000-personas-llenan-la-plaza-del-ayuntamiento-de-benidorm-para-apoyar-a-ceuta\/"},"modified":"2026-09-03T08:16:11","modified_gmt":"2026-09-03T06:16:11","slug":"5-000-personas-llenan-la-plaza-del-ayuntamiento-de-benidorm-para-apoyar-a-ceuta","status":"publish","type":"post","link":"https:\/\/serbenidorm.daliisolutions.com\/index.php\/2026\/09\/03\/5-000-personas-llenan-la-plaza-del-ayuntamiento-de-benidorm-para-apoyar-a-ceuta\/","title":{"rendered":"5.000 personas llenan la plaza del Ayuntamiento de Benidorm para apoyar a Ceuta"},"content":{"rendered":" <p class=\"wp-block-paragraph\">Los c\u00e1nticos en apoyo a Ceuta y los gritos contra el presidente del Gobierno, Pedro S\u00e1nchez, y el ministro del Interior, Fernando Grande-Marlaska, han sido la banda sonora de la multitudinaria manifestaci\u00f3n que ha tenido lugar este mi\u00e9rcoles por la tarde frente al Ayuntamiento de Benidorm bajo la convocatoria de la Federaci\u00f3n Espa\u00f1ola de Municipios y Provincias (FEMP).<\/p>  <p class=\"wp-block-paragraph\">La c\u00e9ntrica plaza ha reunido, seg\u00fan fuentes municipales, a m\u00e1s de 5.000 personas. <a href=\"https:\/\/cadenaser.com\/tag\/benidorm\/a\/\" target=\"_blank\" rel=\"\" title=\"https:\/\/cadenaser.com\/tag\/benidorm\/a\/\">Gente de todas las edades, aunque mayoritariamente personas mayores, procedentes de Benidorm pero tambi\u00e9n de otras regiones de Espa\u00f1a<\/a>.<\/p>  <p class=\"wp-block-paragraph\">El alcalde de la capital tur\u00edstica, Toni P\u00e9rez (PP), ha participado junto al resto del gobierno local en la convocatoria y ha mostrado su respaldo a la poblaci\u00f3n de la ciudad aut\u00f3noma: \u00abSentimos que Ceuta no debe estar sola. Es y ser\u00e1 Espa\u00f1a\u00bb, ha afirmado. <\/p>  <p class=\"wp-block-paragraph\">\u00abYo no hab\u00eda visto quiz\u00e1s nunca la plaza del Ayuntamiento tan llena\u00bb, ha celebrado P\u00e9rez, que tambi\u00e9n ha querido destacar el car\u00e1cter respetuoso y ejemplar de la mayor\u00eda de asistentes a la concentraci\u00f3n. Preguntado por los insultos que se estaban escuchando a S\u00e1nchez mientras lo dec\u00eda, ha a\u00f1adido: \u00abMe parece mal, pero es la voz del pueblo. Tambi\u00e9n se escuchan otras veces otros c\u00e1nticos y los dem\u00f3cratas tambi\u00e9n los soportamos\u00bb. La oposici\u00f3n, encabezada en la ciudad por el PSOE, no ha participado en la manifestaci\u00f3n.<\/p>  <p class=\"wp-block-paragraph\">Las concentraciones han atra\u00eddo a un importante n\u00famero de gente en tantos otros puntos de Espa\u00f1a y de la Marina Baixa, con centenares de personas protestando por ejemplo en el parque de la Barbera de Villajoyosa. En la comarca los equipos de gobierno de Altea (Comprom\u00eds-PSOE) y l&#8217;Alf\u00e0s del Pi (PSOE) han decidido no secundar la convocatoria.<\/p>  <p class=\"wp-block-paragraph\"><\/p>  <p class=\"wp-block-paragraph\"><\/p> ","protected":false},"excerpt":{"rendered":"<p>El alcalde y el gobierno local han participado en una de las concentraciones m\u00e1s multitudinarias que se recuerdan en este espacio del centro de la capital tur\u00edstica<\/p>\n","protected":false},"author":0,"featured_media":25481,"comment_status":"","ping_status":"open","sticky":false,"template":"","format":"standard","meta":{"_acf_changed":false,"footnotes":""},"categories":[1],"tags":[],"class_list":["post-25480","post","type-post","status-publish","format-standard","has-post-thumbnail","hentry","category-sin-categoria"],"acf":{"ser_id":"DYWEGL3BFZE3NHSDW64VXH4E7A","ser_url":"https:\/\/cadenaser.com\/comunitat-valenciana\/2026\/09\/02\/5000-personas-llenan-la-plaza-del-ayuntamiento-de-benidorm-para-apoyar-a-ceuta-radio-benidorm\/"},"_links":{"self":[{"href":"https:\/\/serbenidorm.daliisolutions.com\/index.php\/wp-json\/wp\/v2\/posts\/25480","targetHints":{"allow":["GET"]}}],"collection":[{"href":"https:\/\/serbenidorm.daliisolutions.com\/index.php\/wp-json\/wp\/v2\/posts"}],"about":[{"href":"https:\/\/serbenidorm.daliisolutions.com\/index.php\/wp-json\/wp\/v2\/types\/post"}],"replies":[{"embeddable":true,"href":"https:\/\/serbenidorm.daliisolutions.com\/index.php\/wp-json\/wp\/v2\/comments?post=25480"}],"version-history":[{"count":0,"href":"https:\/\/serbenidorm.daliisolutions.com\/index.php\/wp-json\/wp\/v2\/posts\/25480\/revisions"}],"wp:featuredmedia":[{"embeddable":true,"href":"https:\/\/serbenidorm.daliisolutions.com\/index.php\/wp-json\/wp\/v2\/media\/25481"}],"wp:attachment":[{"href":"https:\/\/serbenidorm.daliisolutions.com\/index.php\/wp-json\/wp\/v2\/media?parent=25480"}],"wp:term":[{"taxonomy":"category","embeddable":true,"href":"https:\/\/serbenidorm.daliisolutions.com\/index.php\/wp-json\/wp\/v2\/categories?post=25480"},{"taxonomy":"post_tag","embeddable":true,"href":"https:\/\/serbenidorm.daliisolutions.com\/index.php\/wp-json\/wp\/v2\/tags?post=25480"}],"curies":[{"name":"wp","href":"https:\/\/api.w.org\/{rel}","templated":true}]}}