{"id":25482,"date":"2026-09-03T12:56:24","date_gmt":"2026-09-03T10:56:24","guid":{"rendered":"https:\/\/serbenidorm.daliisolutions.com\/index.php\/2026\/09\/03\/benidorm-lidera-la-ocupacion-hotelera-de-la-comunitat-valenciana-con-un-937-en-la-segunda-quincena-de-agosto\/"},"modified":"2026-09-03T12:56:24","modified_gmt":"2026-09-03T10:56:24","slug":"benidorm-lidera-la-ocupacion-hotelera-de-la-comunitat-valenciana-con-un-937-en-la-segunda-quincena-de-agosto","status":"publish","type":"post","link":"https:\/\/serbenidorm.daliisolutions.com\/index.php\/2026\/09\/03\/benidorm-lidera-la-ocupacion-hotelera-de-la-comunitat-valenciana-con-un-937-en-la-segunda-quincena-de-agosto\/","title":{"rendered":"Benidorm lidera la ocupaci\u00f3n hotelera de la Comunitat Valenciana con un 93,7 % en la segunda quincena de agosto"},"content":{"rendered":" <p class=\"wp-block-paragraph\">Agosto se despide en Benidorm con los hoteles pr\u00e1cticamente llenos y la vista puesta en un septiembre que ya viene reservado. La ciudad vuelve a situarse a la cabeza de todos los destinos valencianos, en un verano que confirma su solidez pero que llega acompa\u00f1ado de una advertencia del sector: las cifras de ocupaci\u00f3n no cuentan toda la historia.<\/p>  <p class=\"wp-block-paragraph\">Los establecimientos de Benidorm alcanzaron una ocupaci\u00f3n media del 93,7 % en la segunda quincena de agosto, seg\u00fan los datos recopilados por BigDataHOSBEC y difundidos este jueves por la patronal hotelera de la Comunitat Valenciana. <\/p>  <p class=\"wp-block-paragraph\">El registro sit\u00faa a la ciudad por encima de la media auton\u00f3mica, que se qued\u00f3 en el 92,7 %, y la mantiene como el destino con mejor comportamiento de toda la regi\u00f3n. El conjunto de destinos valencianos super\u00f3 el 87 % y todos crecieron respecto a 2025, aunque de forma moderada, una tendencia que HOSBEC viene se\u00f1alando en sus \u00faltimos informes.<\/p>  <p class=\"wp-block-paragraph\">El cierre del verano no supondr\u00e1 un frenazo. Las reservas ya confirmadas para la primera quincena de septiembre alcanzan en Benidorm el 90,7 %, frente al 87,4 % del conjunto de la Comunitat, unos datos que la patronal interpreta como el anticipo de \u00abuna prolongaci\u00f3n de la temporada alta\u00bb. <\/p>  <p class=\"wp-block-paragraph\">El perfil del visitante sigue diferenciando a Benidorm del resto de destinos. El mercado nacional representa aqu\u00ed un 36,5 % del total, un peso muy inferior al que tiene en Castell\u00f3n (78 %), Alicante Sur (66,7 %) o el conjunto de la Costa Blanca (64,3 %). <\/p>  <p class=\"wp-block-paragraph\">El Reino Unido contin\u00faa siendo el principal emisor extranjero de la ciudad, con un 32,5 %, muy por encima del 20,8 % que suponen los brit\u00e1nicos en el conjunto auton\u00f3mico. En el \u00e1rea metropolitana de Val\u00e8ncia, en cambio, Italia ha adelantado a brit\u00e1nicos y estadounidenses y se ha convertido en el segundo mercado internacional.<\/p>  <p class=\"wp-block-paragraph\">La patronal acompa\u00f1a las cifras de una advertencia. \u00abIncrementar la ocupaci\u00f3n no equivale a ganar m\u00e1s\u00bb, se\u00f1ala el comunicado, en el que HOSBEC sostiene que los costes operativos de los establecimientos tur\u00edsticos crecen a un ritmo que en muchos casos iguala o supera al de los ingresos.<\/p>  <p class=\"wp-block-paragraph\">Entre ellos cita los laborales y tambi\u00e9n los energ\u00e9ticos, con un encarecimiento del 46,5 % entre 2021 y 2026, adem\u00e1s del incremento del precio de los alimentos.<\/p>  <p class=\"wp-block-paragraph\">A esa presi\u00f3n se a\u00f1ade el esfuerzo inversor para modernizar la planta hotelera. Seg\u00fan las estimaciones que maneja el sector, las intervenciones est\u00e1ndar en la Comunitat Valenciana se sit\u00faan entre 750 y 1.500 euros por metro cuadrado, una cifra que puede alcanzar los 3.000 euros en renovaciones de alta gama. Para HOSBEC, buena parte del incremento de ingresos que hoy reflejan las estad\u00edsticas est\u00e1 ya comprometido a trav\u00e9s de la amortizaci\u00f3n de esas mismas obras, las que han permitido elevar el precio de venta.<\/p> ","protected":false},"excerpt":{"rendered":"<p>HOSBEC advierte de que \u00abincrementar la ocupaci\u00f3n no equivale a ganar m\u00e1s\u00bb por la escalada de los costes operativos<\/p>\n","protected":false},"author":0,"featured_media":25483,"comment_status":"","ping_status":"open","sticky":false,"template":"","format":"standard","meta":{"_acf_changed":false,"footnotes":""},"categories":[1],"tags":[],"class_list":["post-25482","post","type-post","status-publish","format-standard","has-post-thumbnail","hentry","category-sin-categoria"],"acf":{"ser_id":"KDJCRABK7JGXNJPA35HF36HPGI","ser_url":"https:\/\/cadenaser.com\/comunitat-valenciana\/2026\/09\/03\/benidorm-lidera-la-ocupacion-hotelera-de-la-comunitat-con-un-937-en-la-segunda-quincena-de-agosto-radio-benidorm\/"},"_links":{"self":[{"href":"https:\/\/serbenidorm.daliisolutions.com\/index.php\/wp-json\/wp\/v2\/posts\/25482","targetHints":{"allow":["GET"]}}],"collection":[{"href":"https:\/\/serbenidorm.daliisolutions.com\/index.php\/wp-json\/wp\/v2\/posts"}],"about":[{"href":"https:\/\/serbenidorm.daliisolutions.com\/index.php\/wp-json\/wp\/v2\/types\/post"}],"replies":[{"embeddable":true,"href":"https:\/\/serbenidorm.daliisolutions.com\/index.php\/wp-json\/wp\/v2\/comments?post=25482"}],"version-history":[{"count":0,"href":"https:\/\/serbenidorm.daliisolutions.com\/index.php\/wp-json\/wp\/v2\/posts\/25482\/revisions"}],"wp:featuredmedia":[{"embeddable":true,"href":"https:\/\/serbenidorm.daliisolutions.com\/index.php\/wp-json\/wp\/v2\/media\/25483"}],"wp:attachment":[{"href":"https:\/\/serbenidorm.daliisolutions.com\/index.php\/wp-json\/wp\/v2\/media?parent=25482"}],"wp:term":[{"taxonomy":"category","embeddable":true,"href":"https:\/\/serbenidorm.daliisolutions.com\/index.php\/wp-json\/wp\/v2\/categories?post=25482"},{"taxonomy":"post_tag","embeddable":true,"href":"https:\/\/serbenidorm.daliisolutions.com\/index.php\/wp-json\/wp\/v2\/tags?post=25482"}],"curies":[{"name":"wp","href":"https:\/\/api.w.org\/{rel}","templated":true}]}}