{"id":25484,"date":"2026-09-03T14:35:58","date_gmt":"2026-09-03T12:35:58","guid":{"rendered":"https:\/\/serbenidorm.daliisolutions.com\/index.php\/2026\/09\/03\/el-servigroup-voleibol-benidorm-arranca-su-segunda-temporada-en-la-superliga-con-la-copa-del-rey-y-los-playoffs-en-el-horizonte\/"},"modified":"2026-09-03T14:35:58","modified_gmt":"2026-09-03T12:35:58","slug":"el-servigroup-voleibol-benidorm-arranca-su-segunda-temporada-en-la-superliga-con-la-copa-del-rey-y-los-playoffs-en-el-horizonte","status":"publish","type":"post","link":"https:\/\/serbenidorm.daliisolutions.com\/index.php\/2026\/09\/03\/el-servigroup-voleibol-benidorm-arranca-su-segunda-temporada-en-la-superliga-con-la-copa-del-rey-y-los-playoffs-en-el-horizonte\/","title":{"rendered":"El Servigroup Voleibol Benidorm arranca su segunda temporada en la Superliga con la Copa del Rey y los &#8216;playoffs&#8217; en el horizonte"},"content":{"rendered":" <p class=\"wp-block-paragraph\">El bal\u00f3n vuelve a botar en el parqu\u00e9 del Palau d&#8217;Esports l&#8217;Illa con una sensaci\u00f3n distinta a la del a\u00f1o pasado. Entonces todo era estreno y la palabra que se repet\u00eda era permanencia. Ahora, un curso despu\u00e9s, el Servigroup Benidorm empieza a pronunciar otras: Copa del Rey y &#8216;playoffs&#8217;.<\/p>  <p class=\"wp-block-paragraph\">El alcalde de Benidorm, Toni P\u00e9rez, y el concejal de Deportes, Javier Jord\u00e1, han visitado este jueves al conjunto benidormense durante uno de sus entrenamientos de pretemporada. <\/p>  <p class=\"wp-block-paragraph\">El equipo ha iniciado ya la preparaci\u00f3n de su segunda campa\u00f1a consecutiva en la Superliga Masculina de Voleibol, la m\u00e1xima categor\u00eda del voleibol espa\u00f1ol, a la que accedi\u00f3 el pasado curso y en la que logr\u00f3 asegurar su continuidad.<\/p>  <p class=\"wp-block-paragraph\">P\u00e9rez traslad\u00f3 a la plantilla el respaldo de la ciudad y anim\u00f3 al equipo a seguir creciendo despu\u00e9s de una primera temporada que calific\u00f3 de \u00abmuy buena\u00bb. \u00abEspero que podamos repetir y, si damos un pasito m\u00e1s esta temporada, bienvenido sea\u00bb, se\u00f1al\u00f3 el alcalde, que estuvo acompa\u00f1ado por el presidente del Club Voleibol Playas de Benidorm, Mario Rodr\u00edguez, y por miembros de su junta directiva. <\/p>  <img decoding=\"async\" src=\"https:\/\/cloudfront-eu-central-1.images.arcpublishing.com\/prisaradio\/FC5NVVCQ25FO7IB5WO65TQO5PQ.jpg\" alt=\"Toni P\u00e9rez, alcalde de Benidorm saluda a la plantilla del Club Playas de Benidorm\" \/>  <p class=\"wp-block-paragraph\">El primer edil tambi\u00e9n puso en valor la dimensi\u00f3n alcanzada por la entidad y por su primer equipo, al que considera una \u00abreferencia del deporte en Benidorm\u00bb.<\/p>  <p class=\"wp-block-paragraph\">Con la permanencia ya consolidada, el club afronta este ejercicio con metas deportivas de mayor calado. La clasificaci\u00f3n para la Copa del Rey figura entre los objetivos del equipo, que nunca ha disputado el torneo del KO. A ello se suma la intenci\u00f3n de entrar en los &#8216;playoffs&#8217; por el t\u00edtulo, la liguilla final que decide el campe\u00f3n absoluto de la Superliga y a la que solo acceden los mejores clasificados de la fase regular.<\/p>  <p class=\"wp-block-paragraph\">Para intentarlo, el conjunto dirigido por Mat\u00edas Guidolin ha optado por la continuidad. El club ha mantenido buena parte del bloque que firm\u00f3 la salvaci\u00f3n y lo ha reforzado con cinco incorporaciones: los opuestos John Obi y Samy Soto, el receptor Nahuel Rojas y los centrales Sergio Soria y Jekabs Dzenis. Este \u00faltimo se sumar\u00e1 al grupo m\u00e1s adelante, ya que antes disputar\u00e1 el Campeonato de Europa con la selecci\u00f3n de Letonia.<\/p>  <p class=\"wp-block-paragraph\">La pretemporada servir\u00e1 ahora para engrasar ese nuevo bloque antes del inicio de la competici\u00f3n. El Palau d&#8217;Esports l&#8217;Illa volver\u00e1 a ser el escenario en el que el Servigroup Benidorm reciba a los grandes del voleibol nacional, con la ambici\u00f3n, esta vez, de mirar hacia la parte alta de la tabla.<\/p> ","protected":false},"excerpt":{"rendered":"<p>Toni P\u00e9rez ha visitado el entrenamiento del equipo en el Palau d&#8217;Esports l&#8217;Illa: \u00abSi damos un pasito m\u00e1s esta temporada, bienvenido sea\u00bb<\/p>\n","protected":false},"author":0,"featured_media":25485,"comment_status":"","ping_status":"open","sticky":false,"template":"","format":"standard","meta":{"_acf_changed":false,"footnotes":""},"categories":[16],"tags":[],"class_list":["post-25484","post","type-post","status-publish","format-standard","has-post-thumbnail","hentry","category-deportes"],"acf":{"ser_id":"BKQPQBRA3ZDF5OW7PF45JOAR5U","ser_url":"https:\/\/cadenaser.com\/comunitat-valenciana\/2026\/09\/03\/el-servigroup-voleibol-benidorm-arranca-su-segunda-temporada-en-la-superliga-con-la-copa-del-rey-y-los-playoffs-en-el-horizonte-radio-benidorm\/"},"_links":{"self":[{"href":"https:\/\/serbenidorm.daliisolutions.com\/index.php\/wp-json\/wp\/v2\/posts\/25484","targetHints":{"allow":["GET"]}}],"collection":[{"href":"https:\/\/serbenidorm.daliisolutions.com\/index.php\/wp-json\/wp\/v2\/posts"}],"about":[{"href":"https:\/\/serbenidorm.daliisolutions.com\/index.php\/wp-json\/wp\/v2\/types\/post"}],"replies":[{"embeddable":true,"href":"https:\/\/serbenidorm.daliisolutions.com\/index.php\/wp-json\/wp\/v2\/comments?post=25484"}],"version-history":[{"count":0,"href":"https:\/\/serbenidorm.daliisolutions.com\/index.php\/wp-json\/wp\/v2\/posts\/25484\/revisions"}],"wp:featuredmedia":[{"embeddable":true,"href":"https:\/\/serbenidorm.daliisolutions.com\/index.php\/wp-json\/wp\/v2\/media\/25485"}],"wp:attachment":[{"href":"https:\/\/serbenidorm.daliisolutions.com\/index.php\/wp-json\/wp\/v2\/media?parent=25484"}],"wp:term":[{"taxonomy":"category","embeddable":true,"href":"https:\/\/serbenidorm.daliisolutions.com\/index.php\/wp-json\/wp\/v2\/categories?post=25484"},{"taxonomy":"post_tag","embeddable":true,"href":"https:\/\/serbenidorm.daliisolutions.com\/index.php\/wp-json\/wp\/v2\/tags?post=25484"}],"curies":[{"name":"wp","href":"https:\/\/api.w.org\/{rel}","templated":true}]}}