{"id":25488,"date":"2026-09-03T20:47:25","date_gmt":"2026-09-03T18:47:25","guid":{"rendered":"https:\/\/serbenidorm.daliisolutions.com\/index.php\/2026\/09\/03\/el-futbol-de-la-vila-joiosa-da-un-paso-decisivo-para-su-unificacion-en-2027\/"},"modified":"2026-09-03T20:47:25","modified_gmt":"2026-09-03T18:47:25","slug":"el-futbol-de-la-vila-joiosa-da-un-paso-decisivo-para-su-unificacion-en-2027","status":"publish","type":"post","link":"https:\/\/serbenidorm.daliisolutions.com\/index.php\/2026\/09\/03\/el-futbol-de-la-vila-joiosa-da-un-paso-decisivo-para-su-unificacion-en-2027\/","title":{"rendered":"El f\u00fatbol de La Vila Joiosa da un paso decisivo para su unificaci\u00f3n en 2027"},"content":{"rendered":" <p class=\"wp-block-paragraph\">El f\u00fatbol de La Vila Joiosa afronta un cambio de rumbo que puede marcar un antes y un despu\u00e9s en la estructura deportiva del municipio. Las juntas directivas del Villajoyosa C.F. y del C.F. Atl\u00e9tico Jonense han alcanzado un acuerdo estrat\u00e9gico de colaboraci\u00f3n para la temporada 2026\/2027 y han suscrito, adem\u00e1s, un protocolo de intenciones que sienta las bases para la futura unificaci\u00f3n de ambos clubes a partir de la campa\u00f1a 2027\/2028.<\/p>  <p class=\"wp-block-paragraph\">El acuerdo pone fin a a\u00f1os de rivalidad deportiva entre dos entidades que han competido en el mismo municipio por jugadores, recursos y patrocinadores. La voluntad expresada por ambas directivas es sustituir esa din\u00e1mica por un modelo de colaboraci\u00f3n que permita concentrar esfuerzos y recursos para reforzar el f\u00fatbol de base y construir una estructura deportiva com\u00fan en Villajoyosa.<\/p>  <p class=\"wp-block-paragraph\">El objetivo declarado es que los ni\u00f1os y j\u00f3venes de la localidad puedan desarrollar toda su trayectoria futbol\u00edstica en el municipio, desde las categor\u00edas de formaci\u00f3n hasta el primer equipo, sin necesidad de buscar oportunidades en otras localidades. El proyecto pretende, de esta manera, fortalecer la cantera vilera y aumentar su capacidad para formar jugadores.<\/p>  <p class=\"wp-block-paragraph\">La decisi\u00f3n no se ha producido de manera inmediata. Seg\u00fan explican ambos clubes, el acuerdo es fruto de dos meses y medio de negociaciones y se materializa en dos documentos diferentes, con objetivos y horizontes temporales tambi\u00e9n distintos.<\/p>  <p class=\"wp-block-paragraph\">El primero de ellos es un convenio de colaboraci\u00f3n para la temporada que acaba de comenzar. Durante la campa\u00f1a 2026\/2027, Villajoyosa C.F. y C.F. Atl\u00e9tico Jonense conservar\u00e1n sus respectivas personalidades jur\u00eddicas y mantendr\u00e1n su independencia organizativa. Ambos continuar\u00e1n compitiendo con sus correspondientes equipos s\u00e9nior y conservar\u00e1n sus estructuras de f\u00fatbol base.<\/p>  <p class=\"wp-block-paragraph\">La principal novedad se encuentra en las categor\u00edas m\u00e1s inferiores, que quedar\u00e1n integradas bajo un mismo paraguas con la creaci\u00f3n de la Escuela Municipal de F\u00fatbol Villajoyosa-Jonense. De esta forma, los dos clubes pretenden comenzar a compartir estructura en las primeras etapas de formaci\u00f3n como primer paso hacia el proyecto com\u00fan que se plantea para las siguientes temporadas.<\/p>  <p class=\"wp-block-paragraph\">El convenio tambi\u00e9n establece un protocolo espec\u00edfico para regular la captaci\u00f3n de jugadores. Ambas entidades se comprometen a establecer unas reglas de actuaci\u00f3n que eviten injerencias entre los clubes y aporten mayor seguridad a los j\u00f3venes futbolistas y a sus familias.<\/p>  <p class=\"wp-block-paragraph\">El segundo documento aborda ya el futuro del f\u00fatbol vilero. Se trata de un protocolo de intenciones mediante el que ambas entidades expresan su voluntad de formalizar la fusi\u00f3n a partir de la temporada 2027\/2028 y en las campa\u00f1as posteriores.<\/p>  <p class=\"wp-block-paragraph\">El proceso comenzar\u00e1 de manera inmediata con la constituci\u00f3n de una Comisi\u00f3n Mixta formada por representantes de Villajoyosa C.F. y C.F. Atl\u00e9tico Jonense. Est\u00e1 previsto que este \u00f3rgano inicie sus trabajos la pr\u00f3xima semana y sea el encargado de coordinar todo el proceso y elaborar un documento base que establezca las condiciones de la futura unificaci\u00f3n.<\/p>  <p class=\"wp-block-paragraph\">La intenci\u00f3n es que el proyecto de fusi\u00f3n d\u00e9 continuidad a los acuerdos alcanzados para esta temporada en materia de f\u00fatbol base y de Escuela Municipal de F\u00fatbol. De este modo, la colaboraci\u00f3n que comienza ahora se plantea como el primer paso de un proceso progresivo hacia una estructura futbol\u00edstica \u00fanica en Villajoyosa.<\/p>  <p class=\"wp-block-paragraph\">Las dos directivas defienden que la uni\u00f3n permitir\u00e1 disponer de una cantera m\u00e1s amplia y fuerte, incrementar el potencial t\u00e9cnico y formativo y optimizar los recursos disponibles. La concentraci\u00f3n de esfuerzos tambi\u00e9n deber\u00eda facilitar la llegada de nuevos recursos econ\u00f3micos y mejorar la capacidad de los clubes para desarrollar sus respectivos proyectos deportivos.<\/p>  <p class=\"wp-block-paragraph\">El acuerdo supone un cambio de filosof\u00eda respecto a la relaci\u00f3n mantenida hist\u00f3ricamente entre ambas entidades. Villajoyosa C.F. y Atl\u00e9tico Jonense reconocen que durante a\u00f1os han competido por los mismos futbolistas, patrocinadores y recursos, pero consideran que la colaboraci\u00f3n puede ofrecer mayores oportunidades para el f\u00fatbol local.<\/p>  <p class=\"wp-block-paragraph\">La aspiraci\u00f3n de ambas directivas es que esta nueva estructura permita recuperar progresivamente el protagonismo que el f\u00fatbol vilero ha tenido en el \u00e1mbito provincial y regional. Para ello, consideran fundamental disponer de una cantera s\u00f3lida, mejorar la formaci\u00f3n de los j\u00f3venes futbolistas y concentrar los recursos disponibles en un proyecto deportivo com\u00fan.<\/p>  <p class=\"wp-block-paragraph\">Las entidades aseguran que el proceso se ha construido sobre el respeto mutuo y la transparencia y que la futura unificaci\u00f3n pretende convertirse en un proyecto compartido por todo el f\u00fatbol de Villajoyosa. La primera temporada de colaboraci\u00f3n servir\u00e1 as\u00ed para poner en marcha las estructuras comunes y sentar las bases de una posible fusi\u00f3n que, si se completa seg\u00fan lo previsto, se producir\u00eda a partir de la campa\u00f1a 2027\/2028.<\/p>  <p class=\"wp-block-paragraph\">El proyecto afronta ahora su primera prueba con la puesta en marcha de la Escuela Municipal de F\u00fatbol Villajoyosa-Jonense y con el inicio de los trabajos de la Comisi\u00f3n Mixta. Ser\u00e1 este \u00f3rgano el que deber\u00e1 concretar durante los pr\u00f3ximos meses c\u00f3mo se materializa la unificaci\u00f3n de las dos entidades y cu\u00e1l ser\u00e1 la estructura del futuro f\u00fatbol vilero.<\/p> ","protected":false},"excerpt":{"rendered":"<p>El Villajoyosa C.F. y el Atl\u00e9tico Jonense se fusionar\u00e1n tras el final de la presente temporada<\/p>\n","protected":false},"author":0,"featured_media":25489,"comment_status":"","ping_status":"open","sticky":false,"template":"","format":"standard","meta":{"_acf_changed":false,"footnotes":""},"categories":[16],"tags":[],"class_list":["post-25488","post","type-post","status-publish","format-standard","has-post-thumbnail","hentry","category-deportes"],"acf":{"ser_id":"H6BSJDEOQZGZ7JRUMIBGSSTLY4","ser_url":"https:\/\/cadenaser.com\/comunitat-valenciana\/2026\/09\/03\/el-futbol-de-la-vila-joiosa-da-un-paso-decisivo-para-su-unificacion-en-2027-radio-benidorm\/"},"_links":{"self":[{"href":"https:\/\/serbenidorm.daliisolutions.com\/index.php\/wp-json\/wp\/v2\/posts\/25488","targetHints":{"allow":["GET"]}}],"collection":[{"href":"https:\/\/serbenidorm.daliisolutions.com\/index.php\/wp-json\/wp\/v2\/posts"}],"about":[{"href":"https:\/\/serbenidorm.daliisolutions.com\/index.php\/wp-json\/wp\/v2\/types\/post"}],"replies":[{"embeddable":true,"href":"https:\/\/serbenidorm.daliisolutions.com\/index.php\/wp-json\/wp\/v2\/comments?post=25488"}],"version-history":[{"count":0,"href":"https:\/\/serbenidorm.daliisolutions.com\/index.php\/wp-json\/wp\/v2\/posts\/25488\/revisions"}],"wp:featuredmedia":[{"embeddable":true,"href":"https:\/\/serbenidorm.daliisolutions.com\/index.php\/wp-json\/wp\/v2\/media\/25489"}],"wp:attachment":[{"href":"https:\/\/serbenidorm.daliisolutions.com\/index.php\/wp-json\/wp\/v2\/media?parent=25488"}],"wp:term":[{"taxonomy":"category","embeddable":true,"href":"https:\/\/serbenidorm.daliisolutions.com\/index.php\/wp-json\/wp\/v2\/categories?post=25488"},{"taxonomy":"post_tag","embeddable":true,"href":"https:\/\/serbenidorm.daliisolutions.com\/index.php\/wp-json\/wp\/v2\/tags?post=25488"}],"curies":[{"name":"wp","href":"https:\/\/api.w.org\/{rel}","templated":true}]}}