{"id":25490,"date":"2026-09-04T15:59:50","date_gmt":"2026-09-04T13:59:50","guid":{"rendered":"https:\/\/serbenidorm.daliisolutions.com\/index.php\/2026\/09\/04\/perez-llorca-explica-la-subida-salarial-de-los-profesores-desde-este-mes-y-en-tres-fases\/"},"modified":"2026-09-04T15:59:50","modified_gmt":"2026-09-04T13:59:50","slug":"perez-llorca-explica-la-subida-salarial-de-los-profesores-desde-este-mes-y-en-tres-fases","status":"publish","type":"post","link":"https:\/\/serbenidorm.daliisolutions.com\/index.php\/2026\/09\/04\/perez-llorca-explica-la-subida-salarial-de-los-profesores-desde-este-mes-y-en-tres-fases\/","title":{"rendered":"P\u00e9rez Llorca explica la subida salarial de los profesores: desde este mes y en tres fases"},"content":{"rendered":" <p class=\"wp-block-paragraph\">El president de la Generalitat Valenciana, Juanfran P\u00e9rez Llorca, ha anunciado en Polop, en la Marina Baixa, que los docentes van a empezar a cobrar el incremento salarial pactado en las mesas sectoriales a partir de este mes de septiembre y en tres fases: 75 euros este septiembre, otros 75 en enero y 50 m\u00e1s el curso que viene, hasta alcanzar 200 euros.<\/p>  <p class=\"wp-block-paragraph\">Durante la visita a la Escuela Infantil de Primer Ciclo Ponoig ha avanzado la celebraci\u00f3n de un Pleno del Consell extraordinario el pr\u00f3ximo martes 8 de septiembre para aprobar esta medida que tendr\u00e1 efecto retroactivo desde el 1 de septiembre.<\/p>  <p class=\"wp-block-paragraph\">P\u00e9rez Llorca explica as\u00ed que \u201ceste mes de septiembre todos los docentes tendr\u00e1n ese incremento de 75 euros en la n\u00f3mina, y que, cuando se apliquen las tres fases acordadas, dejar\u00e1 a los profesores por encima de la media nacional a pesar de que algunos sindicatos como el STEPV que no quisieron pactar esta medida\u201d a los que demandado \u201cel mismo rigor que est\u00e1 demostrando el Consell\u201d a la hora de cumplir con lo acordado en las negociaciones.<\/p>  <p class=\"wp-block-paragraph\">P\u00e9rez Llorca ha prometido la puesta en marcha del resto de iniciativas anunciadas en junio para el curso escolar 2026-2027, del que ha indicado que \u201cva a ser bueno\u201d porque \u201cel plan educativo m\u00e1s importante que se va a desarrollar en Espa\u00f1a lo va a hacer en la Comunitat Valenciana\u201d.<\/p>  <p class=\"wp-block-paragraph\">Desde el Sindicat de Treballadors de l&#8217;Ensenyament, su portavoz, Marc Candela, se muestra sorprendido. Para empezar porque con su anuncio P\u00e9rez Llorca confirma que incumple el acuerdo que firm\u00f3 la consellera con ANPE y CSIF, esa subida y la tabla salarial ya tendr\u00eda que estar aprobada. <\/p>  <p class=\"wp-block-paragraph\">Pero es que, adem\u00e1s, la subida no fue rechazada por los sindicatos, sino por el personal docente en la consulta que realizaron los sindicatos. Y fue rechazada porque se queda corta y no compensa, ni de lejos, la perdida de poder adquisitivo acumulada con los salarios congelados (en la parte que compete a la Generalitat) desde 2007.<\/p>  <p class=\"wp-block-paragraph\">El president de la Generalitat ha manifestado la apuesta del Consell por la educaci\u00f3n gratuita de 0 a 3 a\u00f1os durante su visita a la rehabilitaci\u00f3n de la Escuela Infantil de Polop, que cuenta con 21 alumnos de 0 a 2 a\u00f1os divididos en dos unidades.<\/p>  <p class=\"wp-block-paragraph\">El centro Ponoig es uno de los beneficiarios de esta iniciativa para la que el Consell invertir\u00e1 este curso 163 millones de euros. Al respecto, P\u00e9rez Llorca ha reafirmado \u201cel compromiso que adquirimos para ayudar en la conciliaci\u00f3n laboral y familiar\u201d y, gracias a la cual, \u201chemos pasado de 21.000 alumnos en estos centros a 48.000 desde su inicio\u201d.<\/p> ","protected":false},"excerpt":{"rendered":"<p>El president de la Generalitat promete en Polop el cumplimiento del resto de compromisos adquiridos con el sector educativo para este curso<\/p>\n","protected":false},"author":0,"featured_media":25491,"comment_status":"","ping_status":"open","sticky":false,"template":"","format":"standard","meta":{"_acf_changed":false,"footnotes":""},"categories":[1],"tags":[],"class_list":["post-25490","post","type-post","status-publish","format-standard","has-post-thumbnail","hentry","category-sin-categoria"],"acf":{"ser_id":"SFFVZZC2Q5A63ESASYYBE4BBBE","ser_url":"https:\/\/cadenaser.com\/comunitat-valenciana\/2026\/09\/04\/perez-llorca-explica-la-subida-salarial-de-los-profesores-desde-este-mes-y-en-tres-fases-radio-benidorm\/"},"_links":{"self":[{"href":"https:\/\/serbenidorm.daliisolutions.com\/index.php\/wp-json\/wp\/v2\/posts\/25490","targetHints":{"allow":["GET"]}}],"collection":[{"href":"https:\/\/serbenidorm.daliisolutions.com\/index.php\/wp-json\/wp\/v2\/posts"}],"about":[{"href":"https:\/\/serbenidorm.daliisolutions.com\/index.php\/wp-json\/wp\/v2\/types\/post"}],"replies":[{"embeddable":true,"href":"https:\/\/serbenidorm.daliisolutions.com\/index.php\/wp-json\/wp\/v2\/comments?post=25490"}],"version-history":[{"count":0,"href":"https:\/\/serbenidorm.daliisolutions.com\/index.php\/wp-json\/wp\/v2\/posts\/25490\/revisions"}],"wp:featuredmedia":[{"embeddable":true,"href":"https:\/\/serbenidorm.daliisolutions.com\/index.php\/wp-json\/wp\/v2\/media\/25491"}],"wp:attachment":[{"href":"https:\/\/serbenidorm.daliisolutions.com\/index.php\/wp-json\/wp\/v2\/media?parent=25490"}],"wp:term":[{"taxonomy":"category","embeddable":true,"href":"https:\/\/serbenidorm.daliisolutions.com\/index.php\/wp-json\/wp\/v2\/categories?post=25490"},{"taxonomy":"post_tag","embeddable":true,"href":"https:\/\/serbenidorm.daliisolutions.com\/index.php\/wp-json\/wp\/v2\/tags?post=25490"}],"curies":[{"name":"wp","href":"https:\/\/api.w.org\/{rel}","templated":true}]}}