{"id":25492,"date":"2026-09-04T15:59:56","date_gmt":"2026-09-04T13:59:56","guid":{"rendered":"https:\/\/serbenidorm.daliisolutions.com\/index.php\/2026\/09\/04\/pere-rostoll-dircom-de-oscar-puente-sera-el-candidato-del-psoe-a-la-alcaldia-de-benidorm\/"},"modified":"2026-09-04T15:59:56","modified_gmt":"2026-09-04T13:59:56","slug":"pere-rostoll-dircom-de-oscar-puente-sera-el-candidato-del-psoe-a-la-alcaldia-de-benidorm","status":"publish","type":"post","link":"https:\/\/serbenidorm.daliisolutions.com\/index.php\/2026\/09\/04\/pere-rostoll-dircom-de-oscar-puente-sera-el-candidato-del-psoe-a-la-alcaldia-de-benidorm\/","title":{"rendered":"Pere Rostoll, dircom de \u00d3scar Puente, ser\u00e1 el candidato del PSOE a la alcald\u00eda de Benidorm"},"content":{"rendered":" <p class=\"wp-block-paragraph\">Tras meses de anuncios cruzados y precampa\u00f1a dentro del PSPV-PSOE de Benidorm, la ejecutiva auton\u00f3mica socialista del pasado lunes, que aprob\u00f3 el calendario y modelo de las primarias para elegir a sus candidatos a las alcald\u00edas, lo ha acelerado todo. <\/p>  <p class=\"wp-block-paragraph\">As\u00ed, este viernes por la ma\u00f1ana, d\u00eda en el que se abre el plazo para presentarse formalmente al proceso interno del que saldr\u00eda el nombre del rival del actual alcalde, Toni P\u00e9rez (PP), el director de Comunicaci\u00f3n del ministro de Transportes \u00d3scar Puente, Pere Rostoll, ha publicado en redes sociales una fotograf\u00eda compartiendo caf\u00e9 junto al otro posible candidato, el diputado auton\u00f3mico Mario Villar, con el siguiente pie: \u00abHablando con Mario Villar del futuro de #Benidorm2027\u00bb.<\/p>  <p class=\"wp-block-paragraph\">Villar ha confirmado minutos despu\u00e9s a <a href=\"https:\/\/cadenaser.com\/tag\/benidorm\/a\/\" target=\"_blank\" rel=\"\" title=\"https:\/\/cadenaser.com\/tag\/benidorm\/a\/\">Radio Benidorm<\/a> su apoyo a Rostoll. Se retira de la carrera para evitar, dice, \u00abromper el partido\u00bb y con la claridad de que \u00abel rival est\u00e1 enfrente\u00bb, en referencia al actual primer edil de la capital tur\u00edstica.<\/p>  <p class=\"wp-block-paragraph\">As\u00ed las cosas, no habr\u00e1 primarias y el periodista Pere Rostoll encabezar\u00e1 las siglas del PSOE en mayo del a\u00f1o que viene para intentar revertir las tres victorias seguidas en las elecciones locales del popular Toni P\u00e9rez, las dos \u00faltimas con mayor\u00eda absoluta. El reto es may\u00fasculo despu\u00e9s de que el PP consiguiera doblar en n\u00famero de concejales al PSOE en los comicios del 2023, 16 frente a 8.<\/p>  <p class=\"wp-block-paragraph\">Rostoll asegur\u00f3 en una entrevista hace dos meses en la <a href=\"https:\/\/cadenaser.com\/tag\/benidorm\/a\/\" target=\"_blank\" rel=\"\" title=\"https:\/\/cadenaser.com\/tag\/benidorm\/a\/\">Cadena SER<\/a> que llevaba meses preparando esta candidatura a trav\u00e9s de un proceso de reflexi\u00f3n y de escucha con vecinos y colectivos de la ciudad. Seg\u00fan explic\u00f3, percibe \u201cun susurro de cambio\u201d entre la ciudadan\u00eda que espera convertir en \u201cun clamor\u201d durante los pr\u00f3ximos meses.<\/p>  <p class=\"wp-block-paragraph\">Antes de dirigir la comunicaci\u00f3n del ministerio de Transportes que encabeza el siempre pol\u00e9mico \u00d3scar Puente, Rostoll fue Director General de Comunicaci\u00f3n y Relaciones Informativas del Govern de Ximo Puig.<\/p> ","protected":false},"excerpt":{"rendered":"<p>El diputado auton\u00f3mico Mario Villar se retira de la carrera para evitar \u00abromper el partido\u00bb en unas primarias<\/p>\n","protected":false},"author":0,"featured_media":25493,"comment_status":"","ping_status":"open","sticky":false,"template":"","format":"standard","meta":{"_acf_changed":false,"footnotes":""},"categories":[1],"tags":[],"class_list":["post-25492","post","type-post","status-publish","format-standard","has-post-thumbnail","hentry","category-sin-categoria"],"acf":{"ser_id":"U3EVBEZN7NGG5HTZJLFFVJIXR4","ser_url":"https:\/\/cadenaser.com\/comunitat-valenciana\/2026\/09\/04\/pere-rostoll-dircom-de-oscar-puente-sera-el-candidato-del-psoe-a-la-alcaldia-de-benidorm-radio-benidorm\/"},"_links":{"self":[{"href":"https:\/\/serbenidorm.daliisolutions.com\/index.php\/wp-json\/wp\/v2\/posts\/25492","targetHints":{"allow":["GET"]}}],"collection":[{"href":"https:\/\/serbenidorm.daliisolutions.com\/index.php\/wp-json\/wp\/v2\/posts"}],"about":[{"href":"https:\/\/serbenidorm.daliisolutions.com\/index.php\/wp-json\/wp\/v2\/types\/post"}],"replies":[{"embeddable":true,"href":"https:\/\/serbenidorm.daliisolutions.com\/index.php\/wp-json\/wp\/v2\/comments?post=25492"}],"version-history":[{"count":0,"href":"https:\/\/serbenidorm.daliisolutions.com\/index.php\/wp-json\/wp\/v2\/posts\/25492\/revisions"}],"wp:featuredmedia":[{"embeddable":true,"href":"https:\/\/serbenidorm.daliisolutions.com\/index.php\/wp-json\/wp\/v2\/media\/25493"}],"wp:attachment":[{"href":"https:\/\/serbenidorm.daliisolutions.com\/index.php\/wp-json\/wp\/v2\/media?parent=25492"}],"wp:term":[{"taxonomy":"category","embeddable":true,"href":"https:\/\/serbenidorm.daliisolutions.com\/index.php\/wp-json\/wp\/v2\/categories?post=25492"},{"taxonomy":"post_tag","embeddable":true,"href":"https:\/\/serbenidorm.daliisolutions.com\/index.php\/wp-json\/wp\/v2\/tags?post=25492"}],"curies":[{"name":"wp","href":"https:\/\/api.w.org\/{rel}","templated":true}]}}