{"id":25494,"date":"2026-09-04T15:59:56","date_gmt":"2026-09-04T13:59:56","guid":{"rendered":"https:\/\/serbenidorm.daliisolutions.com\/index.php\/2026\/09\/04\/el-benidorm-arranca-en-casa-un-curso-sin-margen-de-error\/"},"modified":"2026-09-04T15:59:56","modified_gmt":"2026-09-04T13:59:56","slug":"el-benidorm-arranca-en-casa-un-curso-sin-margen-de-error","status":"publish","type":"post","link":"https:\/\/serbenidorm.daliisolutions.com\/index.php\/2026\/09\/04\/el-benidorm-arranca-en-casa-un-curso-sin-margen-de-error\/","title":{"rendered":"El Benidorm arranca en casa un curso sin margen de error"},"content":{"rendered":" <p class=\"wp-block-paragraph\">Ni por calidad, ni por juego, ni por presupuesto, ni por historia, ni por ciudad\u2026 nada de lo que es y rodea al C.F. Benidorm justifica que el primer equipo, que parec\u00eda tener el ascenso encarrilado y casi asegurado al final de la primera vuelta, acabara sin premio la pasada temporada. <\/p>  <p class=\"wp-block-paragraph\">Lo m\u00e1s sencillo, por evidente, ser\u00eda explicarlo todo por los tres puntos perdidos en los despachos en aquel partido ante el Calpe y, por supuesto, por el mal d\u00eda de la \u00faltima jornada del playoff de ascenso ante el Torrevieja. Pero la liga no son dos jornadas, sino 30 y tanto valen los puntos logrados en la primera jornada como en la \u00faltima.<\/p>  <p class=\"wp-block-paragraph\">Por ello, y tras una profund\u00edsima reestructuraci\u00f3n que ha llegado a la pr\u00e1ctica totalidad de departamentos de la entidad, el C.F. Benidorm vuelve este domingo (12:00 horas) a la Lliga Comunitat sin margen de error. Porque nadie, desde la propiedad hasta la afici\u00f3n, contempla que un club de este calibre pueda volver a sufrir un rev\u00e9s como el de la 2025-2026.<\/p>  <p class=\"wp-block-paragraph\">Frente a los de Sergio Mora formar\u00e1 el J\u00e1vea, equipo que el pasado a\u00f1o transit\u00f3 por este mismo grupo sin m\u00e1s historia que la de clasificar en una c\u00f3moda sexta posici\u00f3n, a una distancia sideral (17 puntos) del playoff de ascenso y un colch\u00f3n c\u00f3modo (siete puntos) sobre el descenso.<\/p>  <p class=\"wp-block-paragraph\">Se trata, en todo caso, del reinicio de la competici\u00f3n y, por lo tanto, un momento muy propicio para sorpresas. Por ello, convendr\u00e1 que el Benidorm salte al Guillermo Amor convencido de algo que no deben olvidar en las 30 fechas que est\u00e1n por venir: que los pr\u00f3ximos tres puntos pueden ser, en mayo, los que marquen el ascenso o el desastre.<\/p> ","protected":false},"excerpt":{"rendered":"<p>Tras el varapalo de la pasada temporada el ascenso es el \u00fanico objetivo posible<\/p>\n","protected":false},"author":0,"featured_media":25495,"comment_status":"","ping_status":"open","sticky":false,"template":"","format":"standard","meta":{"_acf_changed":false,"footnotes":""},"categories":[16],"tags":[],"class_list":["post-25494","post","type-post","status-publish","format-standard","has-post-thumbnail","hentry","category-deportes"],"acf":{"ser_id":"2PKKU3U7OVH7NNXAWQQBTQOQIU","ser_url":"https:\/\/cadenaser.com\/comunitat-valenciana\/2026\/09\/04\/el-benidorm-arranca-en-casa-un-curso-sin-margen-de-error-radio-benidorm\/"},"_links":{"self":[{"href":"https:\/\/serbenidorm.daliisolutions.com\/index.php\/wp-json\/wp\/v2\/posts\/25494","targetHints":{"allow":["GET"]}}],"collection":[{"href":"https:\/\/serbenidorm.daliisolutions.com\/index.php\/wp-json\/wp\/v2\/posts"}],"about":[{"href":"https:\/\/serbenidorm.daliisolutions.com\/index.php\/wp-json\/wp\/v2\/types\/post"}],"replies":[{"embeddable":true,"href":"https:\/\/serbenidorm.daliisolutions.com\/index.php\/wp-json\/wp\/v2\/comments?post=25494"}],"version-history":[{"count":0,"href":"https:\/\/serbenidorm.daliisolutions.com\/index.php\/wp-json\/wp\/v2\/posts\/25494\/revisions"}],"wp:featuredmedia":[{"embeddable":true,"href":"https:\/\/serbenidorm.daliisolutions.com\/index.php\/wp-json\/wp\/v2\/media\/25495"}],"wp:attachment":[{"href":"https:\/\/serbenidorm.daliisolutions.com\/index.php\/wp-json\/wp\/v2\/media?parent=25494"}],"wp:term":[{"taxonomy":"category","embeddable":true,"href":"https:\/\/serbenidorm.daliisolutions.com\/index.php\/wp-json\/wp\/v2\/categories?post=25494"},{"taxonomy":"post_tag","embeddable":true,"href":"https:\/\/serbenidorm.daliisolutions.com\/index.php\/wp-json\/wp\/v2\/tags?post=25494"}],"curies":[{"name":"wp","href":"https:\/\/api.w.org\/{rel}","templated":true}]}}