{"id":25496,"date":"2026-09-04T15:59:58","date_gmt":"2026-09-04T13:59:58","guid":{"rendered":"https:\/\/serbenidorm.daliisolutions.com\/index.php\/2026\/09\/04\/la-nucia-vuelve-a-segunda-rfef-ante-una-de-las-revelaciones-del-pasado-ano\/"},"modified":"2026-09-04T15:59:58","modified_gmt":"2026-09-04T13:59:58","slug":"la-nucia-vuelve-a-segunda-rfef-ante-una-de-las-revelaciones-del-pasado-ano","status":"publish","type":"post","link":"https:\/\/serbenidorm.daliisolutions.com\/index.php\/2026\/09\/04\/la-nucia-vuelve-a-segunda-rfef-ante-una-de-las-revelaciones-del-pasado-ano\/","title":{"rendered":"La Nuc\u00eda vuelve a Segunda RFEF ante una de las revelaciones del pasado a\u00f1o"},"content":{"rendered":" <p class=\"wp-block-paragraph\">Hace ahora un a\u00f1o podr\u00eda argumentarse que La Nuc\u00eda era un equipo tocado despu\u00e9s de haber perdido cualquier opci\u00f3n de ascenso en la \u00faltima jornada de la liga regular de la temporada anterior. Podr\u00eda decirse, incluso, que la confianza en el cuerpo t\u00e9cnico no era del cien por cien. Podr\u00edan decirse esas y muchas m\u00e1s cosas; pero lo cierto es que desde la entidad del Camilo Cano siempre se dijo que la plantilla estaba dise\u00f1ada y construida para, al menos, pelear por el ascenso y que ese era el objetivo con el que se part\u00eda.<\/p>  <p class=\"wp-block-paragraph\">Y sin embargo, todos los miedos se hicieron realidad en una primera vuelta en la que lejos de mirar hacia los puestos altos de la clasificaci\u00f3n pronto qued\u00f3 claro que, salvo golpe de tim\u00f3n, a los rojillos les iba a tocar estar coqueteando con la zona de peligro.<\/p>  <p class=\"wp-block-paragraph\">Finalmente, ese golpe de tim\u00f3n lleg\u00f3 poco antes del par\u00f3n navide\u00f1o y Vicente Mir, hombre de la casa, se sent\u00f3 en un banquillo que, aunque le cost\u00f3 un poco m\u00e1s de lo inicialmente previsto, logr\u00f3 transformar en un conjunto ganador y dominador.<\/p>  <p class=\"wp-block-paragraph\">Sus n\u00fameros en la segunda vuelta fueron espectaculares y logr\u00f3 meter al equipo en el playoff de ascenso. Una vez ah\u00ed, La Nuc\u00eda aparec\u00eda como la Cenicienta del asunto; pero cuando un grupo como el nuciero est\u00e1 comandado por un tipo que no s\u00f3lo les ha ense\u00f1ado a ganar sino que, sobre todo, ha sabido transmitirles la confianza y la calma necesarias para saberse capaces de todo, el resultado s\u00f3lo pod\u00eda ser uno: el ascenso.<\/p>  <p class=\"wp-block-paragraph\">Este domingo (11:30 horas) todo lo hecho ya no servir\u00e1 de nada y tocar\u00e1 escribir un nuevo cap\u00edtulo en la historia del C.F. La Nuc\u00eda. La temporada ha sido ilusionante, pero Vicente Mir y los suyos saben que la Segunda RFEF ser\u00e1 mucho m\u00e1s dura que lo del a\u00f1o pasado, aunque eso no quiere decir que haya que renunciar a nada.<\/p>  <p class=\"wp-block-paragraph\">Un buen ejemplo lo encontrar\u00e1n en su primer rival, la U.D. Poblense, ascendida un a\u00f1o antes y que el pasado curso acab\u00f3 la liga regular en tercera posici\u00f3n y a punto estuvo de lograr el ascenso a Primera RFEF. <\/p>  <p class=\"wp-block-paragraph\">El equipo balear ser\u00e1, por lo tanto, una importante piedra de toque para comenzar a averiguar hasta d\u00f3nde puede llegar La Nuc\u00eda en su regreso a la cuarta categor\u00eda del f\u00fatbol nacional.<\/p> ","protected":false},"excerpt":{"rendered":"<p>La UD Poblense, ascendida un a\u00f1o antes, estuvo a punto de dar el salto a Primera RFEF<\/p>\n","protected":false},"author":0,"featured_media":25497,"comment_status":"","ping_status":"open","sticky":false,"template":"","format":"standard","meta":{"_acf_changed":false,"footnotes":""},"categories":[16],"tags":[],"class_list":["post-25496","post","type-post","status-publish","format-standard","has-post-thumbnail","hentry","category-deportes"],"acf":{"ser_id":"K5UIKHSLLRATHEGGYWG6X34EDY","ser_url":"https:\/\/cadenaser.com\/comunitat-valenciana\/2026\/09\/04\/la-nucia-vuelve-a-segunda-rfef-ante-una-de-las-revelaciones-del-pasado-ano-radio-benidorm\/"},"_links":{"self":[{"href":"https:\/\/serbenidorm.daliisolutions.com\/index.php\/wp-json\/wp\/v2\/posts\/25496","targetHints":{"allow":["GET"]}}],"collection":[{"href":"https:\/\/serbenidorm.daliisolutions.com\/index.php\/wp-json\/wp\/v2\/posts"}],"about":[{"href":"https:\/\/serbenidorm.daliisolutions.com\/index.php\/wp-json\/wp\/v2\/types\/post"}],"replies":[{"embeddable":true,"href":"https:\/\/serbenidorm.daliisolutions.com\/index.php\/wp-json\/wp\/v2\/comments?post=25496"}],"version-history":[{"count":0,"href":"https:\/\/serbenidorm.daliisolutions.com\/index.php\/wp-json\/wp\/v2\/posts\/25496\/revisions"}],"wp:featuredmedia":[{"embeddable":true,"href":"https:\/\/serbenidorm.daliisolutions.com\/index.php\/wp-json\/wp\/v2\/media\/25497"}],"wp:attachment":[{"href":"https:\/\/serbenidorm.daliisolutions.com\/index.php\/wp-json\/wp\/v2\/media?parent=25496"}],"wp:term":[{"taxonomy":"category","embeddable":true,"href":"https:\/\/serbenidorm.daliisolutions.com\/index.php\/wp-json\/wp\/v2\/categories?post=25496"},{"taxonomy":"post_tag","embeddable":true,"href":"https:\/\/serbenidorm.daliisolutions.com\/index.php\/wp-json\/wp\/v2\/tags?post=25496"}],"curies":[{"name":"wp","href":"https:\/\/api.w.org\/{rel}","templated":true}]}}