{"id":2556,"date":"2024-02-20T20:17:55","date_gmt":"2024-02-20T19:17:55","guid":{"rendered":"https:\/\/serbenidorm.daliisolutions.com\/index.php\/2024\/02\/20\/asume-tres-anos-por-agredir-sexualmente-a-su-nieta-y-una-amiga-en-finestrat-eludiendo-la-carcel\/"},"modified":"2024-02-20T20:17:55","modified_gmt":"2024-02-20T19:17:55","slug":"asume-tres-anos-por-agredir-sexualmente-a-su-nieta-y-una-amiga-en-finestrat-eludiendo-la-carcel","status":"publish","type":"post","link":"https:\/\/serbenidorm.daliisolutions.com\/index.php\/2024\/02\/20\/asume-tres-anos-por-agredir-sexualmente-a-su-nieta-y-una-amiga-en-finestrat-eludiendo-la-carcel\/","title":{"rendered":"Asume tres a\u00f1os por agredir sexualmente a su nieta y una amiga en Finestrat eludiendo la c\u00e1rcel"},"content":{"rendered":"  <p>Finestrat<\/p>   <p>Un hombre de 71 a\u00f1os ha sido condenado por la <a href=\"https:\/\/cadenaser.com\/tag\/tsjv_tribunal_superior_justicia_valencia\/a\/\" target=\"_blank\" rel=\"noopener\">Audiencia de Alicante<\/a> a tres a\u00f1os de c\u00e1rcel por dos delitos de agresi\u00f3n sexual cometidos sobre su nieta y sobre una amiga de ella, ambas de 12 a\u00f1os, <a href=\"https:\/\/cadenaser.com\/tag\/finestrat\/a\/\" target=\"_blank\" rel=\"noopener\">en Finestrat (Alicante)<\/a>.<\/p>   <p>En el inicio del juicio, celebrado el pasado 6 de febrero, el procesado asumi\u00f3 la autor\u00eda de los hechos tras alcanzar un acuerdo de conformidad con la Fiscal\u00eda por el que se le conced\u00eda el beneficio de la suspensi\u00f3n de la pena de ingreso en prisi\u00f3n durante cuatro a\u00f1os, con la doble condici\u00f3n de no volver a delinquir en ese plazo y de abonar una multa de 8.760 euros.<\/p>  <p><p>M\u00e1s informaci\u00f3n<\/p><figure><img decoding=\"async\" src=\"https:\/\/cadenaser.com\/resizer\/pkEYYorowaAjS-PjVMOu7PTXc5c=\/650x366\/filters:quality(70)\/cloudfront-eu-central-1.images.arcpublishing.com\/prisaradio\/TX3REHV4XVDNPHBLKDAR6UD4PU.jpg\" loading=\"lazy\" width=\"828\" height=\"621\" \/><\/figure><ul><li><a href=\"https:\/\/cadenaser.com\/comunitat-valenciana\/2024\/01\/10\/juicio-por-agresion-sexual-a-una-menor-en-un-camping-de-lalfas-del-pi-radio-benidorm\/\">Juicio por agresi\u00f3n sexual a una menor en un camping de l&#8217;Alf\u00e0s del Pi<\/a><\/li><\/ul><\/p>   <p>Se trata de una suma independiente de las compensaciones establecidas para indemnizar a las dos menores por los da\u00f1os morales ocasionados, que la sentencia cifra en la cantidad de 25.000 euros para su nieta y en otros 13.000 para su amiga.<\/p>   <p>As\u00ed ocurrieron los hechos<\/p>   <p>La sentencia, dictada por un tribunal de la Secci\u00f3n Primera, detalla que el primero de los episodios fue el 30 de septiembre de 2021, cuando el encausado se encontraba en el domicilio de su hijo, padre de la v\u00edctima. La resoluci\u00f3n judicial concreta que el procesado, que entonces ten\u00eda 68 a\u00f1os, se introdujo en la cama de su nieta, de 12 a\u00f1os, y le toc\u00f3 los pechos, el gl\u00fateo y la vagina.<\/p>   <p>Despu\u00e9s, cogi\u00f3 su mano y se la llev\u00f3 hasta su pene para masturbarse. Acto seguido, le quit\u00f3 los pantalones a la menor y sigui\u00f3 con la agresi\u00f3n mientras su nieta \u201cse hac\u00eda la dormida, siendo incapaz de reaccionar\u201d. Seg\u00fan la sentencia, treinta minutos despu\u00e9s el acusado sali\u00f3 de la cama, le dio un beso a su nieta y se fue de su habitaci\u00f3n.<\/p>   <p>El segundo de los abusos se produjo el 2 de octubre del mismo a\u00f1o 2021 cuando, de nuevo, el acusado entr\u00f3 a la habitaci\u00f3n de la menor en la que se encontraba su nieta y una amiga, de 12 a\u00f1os, y le acarici\u00f3 el gl\u00fateo a esta \u00faltima.<\/p>   <p>El tribunal impone al acusado una primera condena de dos a\u00f1os de prisi\u00f3n por un delito de abuso sexual a menor de 16 a\u00f1os por los abusos sobre su nieta y otra pena de un a\u00f1o por el mismo delito cometido sobre su amiga.<\/p>   <p>Adem\u00e1s, a\u00f1ade la medida de alejamiento respecto a las dos a una distancia superior a los 400 metros durante los pr\u00f3ximos 5 a\u00f1os, as\u00ed como la medida de libertad vigilado por ese mismo periodo, en una sentencia firme, al haberse alcanzado un acuerdo de conformidad, por lo que no cabe recurso.<\/p> ","protected":false},"excerpt":{"rendered":"<p>El condenado, de 71 a\u00f1os, abus\u00f3 de ambas cuando ten\u00edan 12 a\u00f1os<\/p>\n","protected":false},"author":0,"featured_media":2557,"comment_status":"open","ping_status":"open","sticky":false,"template":"","format":"standard","meta":{"_acf_changed":false,"footnotes":""},"categories":[1],"tags":[],"class_list":["post-2556","post","type-post","status-publish","format-standard","has-post-thumbnail","hentry","category-sin-categoria"],"acf":{"ser_id":"6CBKUFVO4JFYLFOLOXTF5VNMQY","ser_url":"https:\/\/cadenaser.com\/comunitat-valenciana\/2024\/02\/20\/asume-tres-anos-por-agredir-sexualmente-de-su-nieta-y-una-amiga-en-finestrat-eludiendo-la-carcel-radio-benidorm\/"},"_links":{"self":[{"href":"https:\/\/serbenidorm.daliisolutions.com\/index.php\/wp-json\/wp\/v2\/posts\/2556","targetHints":{"allow":["GET"]}}],"collection":[{"href":"https:\/\/serbenidorm.daliisolutions.com\/index.php\/wp-json\/wp\/v2\/posts"}],"about":[{"href":"https:\/\/serbenidorm.daliisolutions.com\/index.php\/wp-json\/wp\/v2\/types\/post"}],"replies":[{"embeddable":true,"href":"https:\/\/serbenidorm.daliisolutions.com\/index.php\/wp-json\/wp\/v2\/comments?post=2556"}],"version-history":[{"count":0,"href":"https:\/\/serbenidorm.daliisolutions.com\/index.php\/wp-json\/wp\/v2\/posts\/2556\/revisions"}],"wp:featuredmedia":[{"embeddable":true,"href":"https:\/\/serbenidorm.daliisolutions.com\/index.php\/wp-json\/wp\/v2\/media\/2557"}],"wp:attachment":[{"href":"https:\/\/serbenidorm.daliisolutions.com\/index.php\/wp-json\/wp\/v2\/media?parent=2556"}],"wp:term":[{"taxonomy":"category","embeddable":true,"href":"https:\/\/serbenidorm.daliisolutions.com\/index.php\/wp-json\/wp\/v2\/categories?post=2556"},{"taxonomy":"post_tag","embeddable":true,"href":"https:\/\/serbenidorm.daliisolutions.com\/index.php\/wp-json\/wp\/v2\/tags?post=2556"}],"curies":[{"name":"wp","href":"https:\/\/api.w.org\/{rel}","templated":true}]}}