{"id":2569,"date":"2024-02-21T13:11:27","date_gmt":"2024-02-21T12:11:27","guid":{"rendered":"https:\/\/serbenidorm.daliisolutions.com\/index.php\/2024\/02\/21\/250-boxeadores-se-preparan-en-la-nucia-para-los-juegos-olimpicos\/"},"modified":"2024-02-21T13:11:27","modified_gmt":"2024-02-21T12:11:27","slug":"250-boxeadores-se-preparan-en-la-nucia-para-los-juegos-olimpicos","status":"publish","type":"post","link":"https:\/\/serbenidorm.daliisolutions.com\/index.php\/2024\/02\/21\/250-boxeadores-se-preparan-en-la-nucia-para-los-juegos-olimpicos\/","title":{"rendered":"250 boxeadores se preparan en La Nuc\u00eda para los Juegos Ol\u00edmpicos"},"content":{"rendered":"  <p>La Nuc\u00eda<\/p>   <p>El <a href=\"https:\/\/cadenaser.com\/tag\/la_nucia\/a\/\" target=\"_blank\" rel=\"noopener\">Pabell\u00f3n Muixara <\/a>de La Nuc\u00eda se ha convertido durante un mes en un Training Camp de Boxeo Internacional donde 250 boxeadores de 20 pa\u00edses est\u00e1n preparando el preol\u00edmpico de Italia para los Juegos de Par\u00eds 2024. <\/p>   <p>Esta concentraci\u00f3n ha sido organizado por la Real Federaci\u00f3n Espa\u00f1ola de Boxeo con el respaldo de la concejal\u00eda de Deportes del Ayuntamiento de La Nuc\u00eda y de la Diputaci\u00f3n de Alicante. <\/p>  <p><p>M\u00e1s informaci\u00f3n<\/p><figure><img decoding=\"async\" src=\"https:\/\/cadenaser.com\/resizer\/ClQTBJFxMvxMyNDtN99_QPOf3Hs=\/650x366\/filters:quality(70)\/cloudfront-eu-central-1.images.arcpublishing.com\/prisaradio\/3PWCAH4SIJEZNEHI6WW6L3J2RM.JPG\" loading=\"lazy\" width=\"828\" height=\"621\" \/><\/figure><ul><li><a href=\"https:\/\/cadenaser.com\/comunitat-valenciana\/2024\/02\/19\/el-futbol-provincial-se-cita-en-su-gran-noche-en-la-nucia-radio-benidorm\/\">El f\u00fatbol provincial se cita en su gran noche en La Nuc\u00eda<\/a><\/li><\/ul><\/p>   <p>A los boxeadores de la selecci\u00f3n espa\u00f1ola se suman profesionales de esta disciplina procedentes de Uzbekist\u00e1n, India, Palestina, Tailandia, Filipinas, Kirguist\u00e1n, Trinidad y Tobago, Suecia, Bahr\u00e9in, Jordania, Turqu\u00eda, Polonia, Puerto Rico, M\u00e9xico, Holanda o Ruman\u00eda. <\/p>   <p>Todos ellos est\u00e1n preparando su participaci\u00f3n en los Juegos Ol\u00edmpicos de Par\u00eds 2024 del pr\u00f3ximo verano, para el que muchos ya est\u00e1n clasificados y otros ultiman su estado de forma para el Torneo Preol\u00edmpico de Italia, que comenzar\u00e1 el 29 de febrero. <\/p>   <p>La selecci\u00f3n espa\u00f1ola, en La Nuc\u00eda<\/p>   <p>La delegaci\u00f3n espa\u00f1ola cuenta con deportistas en La Nuc\u00eda que ya han sido ol\u00edmpicos como Gazi Jalidov y Enmanuel Reyes (Tokio 2020), y otros con plaza para Paris 2024 como Laura Fuertes y Jos\u00e9 Quiles. <\/p>   <p>El resto de los deportistas que competir\u00e1n en el preol\u00edmpico de Busto Arizio (Italia) son: Marta L\u00f3pez del \u00c1rbol (-54 kg), Jennifer Fern\u00e1ndez (-57 kg), Sheila Mart\u00ednez (-60 kg), Mariana Soto (-66 kg), Mart\u00edn Molina (-51 kg), Salvador Flores (-63,50 kg), Sergio Mart\u00ednez (-71 kg), Gazimagomed Jalidov (-80 kg), Emmanuel Reyes Pla (-92 kg), Ayoub Ghadfa Drissi (+92 kg).<\/p>   <p>Estos deportistas son los elegidos por el seleccionador Rafael Lozano para buscar plaza de cara a Paris 2024 en el Torneo Preol\u00edmpico que tendr\u00e1 lugar en Busto Arsizio (Italia) del 29 de febrero al 12 de marzo.<\/p>   <p>7.000 pernoctaciones<\/p>   <p>Una vez m\u00e1s las instalaciones de \u201cLa Nuc\u00eda, Ciudad del Deporte\u201d han servido de im\u00e1n para deportistas que buscan plaza en el gran evento deportivo de este a\u00f1o: los Juegos Olimpicos de Paris 2024. Este campo de entrenamiento de boxeo ha generado cerca de 7.000 pernoctaciones en La Nuc\u00eda y comarca.<\/p> ","protected":false},"excerpt":{"rendered":"<p>La concentraci\u00f3n de deportistas de hasta veinte pa\u00edses se traduce en hasta 7.000 pernoctaciones durante un mes en toda la comarca <\/p>\n","protected":false},"author":0,"featured_media":2570,"comment_status":"open","ping_status":"open","sticky":false,"template":"","format":"standard","meta":{"_acf_changed":false,"footnotes":""},"categories":[1],"tags":[],"class_list":["post-2569","post","type-post","status-publish","format-standard","has-post-thumbnail","hentry","category-sin-categoria"],"acf":{"ser_id":"DZQ7BTL2V5GD7B4GOPH7QKOVV4","ser_url":"https:\/\/cadenaser.com\/comunitat-valenciana\/2024\/02\/21\/250-boxeadores-se-preparan-en-la-nucia-para-los-juegos-olimpicos-radio-benidorm\/"},"_links":{"self":[{"href":"https:\/\/serbenidorm.daliisolutions.com\/index.php\/wp-json\/wp\/v2\/posts\/2569","targetHints":{"allow":["GET"]}}],"collection":[{"href":"https:\/\/serbenidorm.daliisolutions.com\/index.php\/wp-json\/wp\/v2\/posts"}],"about":[{"href":"https:\/\/serbenidorm.daliisolutions.com\/index.php\/wp-json\/wp\/v2\/types\/post"}],"replies":[{"embeddable":true,"href":"https:\/\/serbenidorm.daliisolutions.com\/index.php\/wp-json\/wp\/v2\/comments?post=2569"}],"version-history":[{"count":0,"href":"https:\/\/serbenidorm.daliisolutions.com\/index.php\/wp-json\/wp\/v2\/posts\/2569\/revisions"}],"wp:featuredmedia":[{"embeddable":true,"href":"https:\/\/serbenidorm.daliisolutions.com\/index.php\/wp-json\/wp\/v2\/media\/2570"}],"wp:attachment":[{"href":"https:\/\/serbenidorm.daliisolutions.com\/index.php\/wp-json\/wp\/v2\/media?parent=2569"}],"wp:term":[{"taxonomy":"category","embeddable":true,"href":"https:\/\/serbenidorm.daliisolutions.com\/index.php\/wp-json\/wp\/v2\/categories?post=2569"},{"taxonomy":"post_tag","embeddable":true,"href":"https:\/\/serbenidorm.daliisolutions.com\/index.php\/wp-json\/wp\/v2\/tags?post=2569"}],"curies":[{"name":"wp","href":"https:\/\/api.w.org\/{rel}","templated":true}]}}