{"id":2573,"date":"2024-02-21T13:48:59","date_gmt":"2024-02-21T12:48:59","guid":{"rendered":"https:\/\/serbenidorm.daliisolutions.com\/index.php\/2024\/02\/21\/benidorm-termina-su-primer-borrador-de-presupuestos-en-dos-anos-por-un-valor-superior-a-los-140-millones-de-euros\/"},"modified":"2024-02-21T13:48:59","modified_gmt":"2024-02-21T12:48:59","slug":"benidorm-termina-su-primer-borrador-de-presupuestos-en-dos-anos-por-un-valor-superior-a-los-140-millones-de-euros","status":"publish","type":"post","link":"https:\/\/serbenidorm.daliisolutions.com\/index.php\/2024\/02\/21\/benidorm-termina-su-primer-borrador-de-presupuestos-en-dos-anos-por-un-valor-superior-a-los-140-millones-de-euros\/","title":{"rendered":"Benidorm termina su primer borrador de presupuestos en dos a\u00f1os por un valor superior a los 140 millones de euros"},"content":{"rendered":"  <p>Benidorm<\/p>   <p>El Ayuntamiento de Benidorm ha comunicado este mi\u00e9rcoles que su \u00e1rea econ\u00f3mica ha culminado la redacci\u00f3n del borrador del presupuesto municipal de 2024, <a href=\"https:\/\/cadenaser.com\/tag\/benidorm\/a\/\" target=\"_blank\" rel=\"noopener\">el primero en dos a\u00f1os y que asciende a 141,6 millones de euros<\/a>. <\/p>   <p>El alcalde Toni P\u00e9rez se lo ha entregado ya en Junta de Portavoces a los grupos de la oposici\u00f3n con la intenci\u00f3n de que \u00abel documento pueda votarse en pleno cuanto antes\u00bb, aunque desde el PSOE esperan todav\u00eda \u00ablas bases de ejecuci\u00f3n, los informes t\u00e9cnicos y el cap\u00edtulo de inversiones\u00bb, ha detallado su portavoz Cristina Escoda.<\/p>   <p>El primer edil ha explicado en este sentido que \u00aben estos momentos los t\u00e9cnicos est\u00e1n finalizando los \u00faltimos informes que acompa\u00f1an al documento\u00bb, pero que tal y como comprometi\u00f3 \u00aben el mismo momento en que el \u00e1rea econ\u00f3mica ha completado el borrador del presupuesto se ha trasladado a los grupos de la Corporaci\u00f3n\u00bb.<\/p>  <p><p class=\"tit\"><span>El alcalde de Benidorm sobre el primer borrador del presupuesto municipal en dos a\u00f1os<\/span><\/p> <p class=\"emb\"><iframe loading=\"lazy\" src=\"https:\/\/cadenaser.com\/embed\/audio\/460\/1708519280422\/\" width=\"100%\" height=\"360\" frameborder=\"0\" allowfullscreen><\/iframe><\/p><\/p>   <p>Concretamente, las inversiones reales recogidas en el presupuesto ascienden a 23.024.496,07 euros, de las cuales 13.528.436,25 euros son sufragados con recursos generales del Ayuntamiento. Dentro de ese apartado Toni P\u00e9rez ha querido destacar los recursos que se destinan al Presupuesto Participativo: \u00abEn 2024 el Presupuesto Participativo supera su techo hist\u00f3rico con 615.639 euros, la cuant\u00eda m\u00e1s alta desde su puesta en marcha en 2016 y que supone el 5 % de las inversiones realizadas con recursos generales del Ayuntamiento\u00bb, ha precisado.<\/p>   <p>El alcalde asegura que \u00abse ha elaborado un presupuesto totalmente ajustado, en el que una vez m\u00e1s se prioriza el gasto social sin descuidar las inversiones, especialmente las que est\u00e1n afectadas por subvenciones procedentes de fondos europeos, o las que ya tenemos en marcha y que son capitales para el desarrollo econ\u00f3mico como la construcci\u00f3n del Vial Discotecas y de la rotonda que dar\u00e1 acceso al pol\u00edgono industrial, dos infraestructuras indispensables para que la zona comercial pueda desarrollarse\u00bb.<\/p>   <p>El PSOE espera a confirmar si sus propuestas est\u00e1n incluidas<\/p>   <p>A pesar de la mayor\u00eda absoluta que el PP, el alcalde afirma tender la mano a los grupos de la oposici\u00f3n para estudiar propuestas que puedan complementar el documento y aspira a lograr as\u00ed el voto favorable del PSOE, que ya apoy\u00f3 las \u00faltimas cuentas municipales del 2022, prorrogadas hasta la actualidad.<\/p>  <p><p>M\u00e1s informaci\u00f3n<\/p><figure><img decoding=\"async\" src=\"https:\/\/cadenaser.com\/resizer\/-4EXtFnEEXw_C8o7m98xN3Z7-S8=\/650x366\/filters:quality(70)\/cloudfront-eu-central-1.images.arcpublishing.com\/prisaradio\/N4CQAZIM2BCJVBOFW2ZFDRMAUM.jpeg\" loading=\"lazy\" width=\"828\" height=\"621\" \/><\/figure><ul><li><a href=\"https:\/\/cadenaser.com\/comunitat-valenciana\/2024\/01\/23\/el-psoe-de-benidorm-presenta-una-bateria-de-propuestas-para-el-presupuesto-municipal-y-vuelve-a-criticar-la-demora-del-pp-en-sacarlo-adelante-radio-benidorm\/\">El PSOE de Benidorm presenta veinte propuestas al presupuesto municipal y vuelve a criticar la demora del PP en aprobarlo<\/a><\/li><\/ul><\/p>   <p>Por su parte, la l\u00edder del Grupo Municipal Socialista ha comentado que <a href=\"https:\/\/cadenaser.com\/comunitat-valenciana\/2024\/01\/23\/el-psoe-de-benidorm-presenta-una-bateria-de-propuestas-para-el-presupuesto-municipal-y-vuelve-a-criticar-la-demora-del-pp-en-sacarlo-adelante-radio-benidorm\/\" target=\"_blank\" rel=\"noopener\">\u00abtenemos que analizar el cap\u00edtulo de ingresos y gastos, compararlo con a\u00f1os anteriores, y por supuesto ver si se han incluido las veinte propuesta que entregamos al equipo de gobierno con el \u00e1nimo de aportar mejoras que consideramos totalmente necesarias para nuestra ciudad\u00bb<\/a>. <\/p>   <p>\u00abLos presupuestos ir\u00e1n con casi total seguridad al pr\u00f3ximo pleno\u00bb, ha se\u00f1alado Escoda volviendo a incidir en esos planteamientos que hicieron al gobierno local a finales de enero con el objetivo de que se habilite una partida para incrementar el servicio de limpieza de los centros educativos en horario lectivo, habilitar salas de estudio en los diferentes barrios de la ciudad, subvencionar el 100% del servicio de &#8216;escoles matineres&#8217;, abrir los centros educativos por la tardes para realizar actividades y practicar deportes, habilitar locales de ensayo o para poner en marcha una Oficina del Mayor en la que ayudarles con los tr\u00e1mites digitales.<\/p>   <p>Tambi\u00e9n proponen consignar presupuesto para instalar la caja esc\u00e9nica en el auditorio del Centro Cultural, habilitar un nuevo Centro Juvenil, ampliar el Centro Municipal Pepa Esperanza, poner en marcha ayudas para el alquiler y para la rehabilitaci\u00f3n viviendas condicionadas a su futura puesta en alquiler con precios asequibles, as\u00ed como subvencionar el 100 % del transporte a los menores de 30 a\u00f1os.<\/p>   <p>Adem\u00e1s, los socialistas plantean reformar la V\u00eda Emilio Ortu\u00f1o, construir un nuevo almac\u00e9n municipal, acondicionar el Festa Espai, reformar el Centro Social Jos\u00e9 Llorca Linares, rehabilitar la Plaza de Manizales y el Palau d\u2019Esports L\u2019Illa de Benidorm y destinar partida para la construcci\u00f3n de un nuevo pabell\u00f3n deportivo en La Cala o para techar las pistas exteriores del Palau.<\/p> ","protected":false},"excerpt":{"rendered":"<p>El gobierno del PP se lo ha entregado a los grupos de la oposici\u00f3n para abrir un periodo de negociaci\u00f3n mientras el PSOE espera el detalle de las inversiones para ver si est\u00e1n recogidas sus propuestas<\/p>\n","protected":false},"author":0,"featured_media":2574,"comment_status":"open","ping_status":"open","sticky":false,"template":"","format":"standard","meta":{"_acf_changed":false,"footnotes":""},"categories":[1],"tags":[],"class_list":["post-2573","post","type-post","status-publish","format-standard","has-post-thumbnail","hentry","category-sin-categoria"],"acf":{"ser_id":"OERT3TVKTFBFFM5V2EX64DMPAI","ser_url":"https:\/\/cadenaser.com\/comunitat-valenciana\/2024\/02\/21\/benidorm-termina-su-primer-borrador-de-presupuestos-en-dos-anos-por-un-valor-superior-a-los-140-millones-de-euros-radio-benidorm\/"},"_links":{"self":[{"href":"https:\/\/serbenidorm.daliisolutions.com\/index.php\/wp-json\/wp\/v2\/posts\/2573","targetHints":{"allow":["GET"]}}],"collection":[{"href":"https:\/\/serbenidorm.daliisolutions.com\/index.php\/wp-json\/wp\/v2\/posts"}],"about":[{"href":"https:\/\/serbenidorm.daliisolutions.com\/index.php\/wp-json\/wp\/v2\/types\/post"}],"replies":[{"embeddable":true,"href":"https:\/\/serbenidorm.daliisolutions.com\/index.php\/wp-json\/wp\/v2\/comments?post=2573"}],"version-history":[{"count":0,"href":"https:\/\/serbenidorm.daliisolutions.com\/index.php\/wp-json\/wp\/v2\/posts\/2573\/revisions"}],"wp:featuredmedia":[{"embeddable":true,"href":"https:\/\/serbenidorm.daliisolutions.com\/index.php\/wp-json\/wp\/v2\/media\/2574"}],"wp:attachment":[{"href":"https:\/\/serbenidorm.daliisolutions.com\/index.php\/wp-json\/wp\/v2\/media?parent=2573"}],"wp:term":[{"taxonomy":"category","embeddable":true,"href":"https:\/\/serbenidorm.daliisolutions.com\/index.php\/wp-json\/wp\/v2\/categories?post=2573"},{"taxonomy":"post_tag","embeddable":true,"href":"https:\/\/serbenidorm.daliisolutions.com\/index.php\/wp-json\/wp\/v2\/tags?post=2573"}],"curies":[{"name":"wp","href":"https:\/\/api.w.org\/{rel}","templated":true}]}}