{"id":2611,"date":"2024-02-22T14:03:59","date_gmt":"2024-02-22T13:03:59","guid":{"rendered":"https:\/\/serbenidorm.daliisolutions.com\/index.php\/2024\/02\/22\/abierto-el-plazo-de-matricula-para-el-xxxv-curso-internacional-de-musica-de-benidorm\/"},"modified":"2024-02-22T14:03:59","modified_gmt":"2024-02-22T13:03:59","slug":"abierto-el-plazo-de-matricula-para-el-xxxv-curso-internacional-de-musica-de-benidorm","status":"publish","type":"post","link":"https:\/\/serbenidorm.daliisolutions.com\/index.php\/2024\/02\/22\/abierto-el-plazo-de-matricula-para-el-xxxv-curso-internacional-de-musica-de-benidorm\/","title":{"rendered":"Abierto el plazo de matr\u00edcula para el XXXV Curso Internacional  de M\u00fasica de Benidorm"},"content":{"rendered":"  <p>Benidorm<\/p>   <p>Benidorm celebra del 30 de junio al 5 de julio su <a href=\"https:\/\/cadenaser.com\/comunitat-valenciana\/2023\/01\/25\/abiertas-las-inscripciones-al-34-curso-y-24-concurso-internacionales-de-musica-de-benidorm-radio-benidorm\/\" target=\"_blank\" rel=\"noopener\">XXXV Curso Internacional de M\u00fasica y su XXV Concurso Internacional de M\u00fasica<\/a>. Desde hoy  y hasta el 30 de abril estar\u00e1 abierto el plazo de matr\u00edcula para inscribirse en las distintas modalidades del curso.<\/p>   <p><a href=\"https:\/\/cadenaser.com\/2022\/03\/14\/jaime-jesus-perez-concejal-de-cultura-y-juventud-de-benidorm-las-actividades-estan-recuperando-la-normalidad\/\" target=\"_blank\" rel=\"noopener\">El concejal de Cultura, Jaime Jes\u00fas P\u00e9rez, <\/a>y el director de los cursos, Jos\u00e9 Antonio Gonzaga, han explicado a <a href=\"\/\/radiobenidorm.es\" rel=\"nofollow noopener\" target=\"_blank\">Hoy por Hoy Benidorm <\/a>que \u00ablas plazas son muy limitadas, apenas hay doce puestos en la modalidad de alumno activo aunque hay posibilidad de acudir como oyente, sobre todo para alumnos de nuestro conservatorio, pero muchas de las categor\u00edas tienen las plazas agotadas y ya hay lista de espera\u00bb. <\/p>   <p>Asimismo ambos destacan el \u00abprestigio internacional\u00bb tanto de los profesores como de los alumnos que se interesan por estos cursos y que proceden \u00abde todas partes de Espa\u00f1a y del mundo. Tenemos alumnos hasta de Dubai\u00bb. Por ello han hecho especial hincapi\u00e9 en una de las novedades de esta edici\u00f3n: el ciclo \u00abCl\u00e1sicos a las 9\u00bb. Un ciclo de conciertos a cargo de los profesores del curso que tendr\u00e1 lugar a las 9 de la noche en el Auditorio del Centro Cultural y que tendr\u00e1 entrada gratuita. \u00abMuchos ciudadanos hacen viajes y pagan entradas para acudir a los conciertos de estos prestigiosos m\u00fasicos y nosotros los vamos a tener aqu\u00ed gratis\u00bb, a\u00f1ade Gonzaga. <\/p>   <p>El Curso Internacional de M\u00fasica de <a href=\"https:\/\/cadenaser.com\/comunitat-valenciana\/2023\/11\/03\/la-cultura-anticipa-las-fiestas-de-benidorm-con-musica-teatro-proyecciones-y-conferencias-radio-benidorm\/\" target=\"_blank\" rel=\"noopener\">Benidorm <\/a>se desarrollar\u00e1 en seis especialidades instrumentales: violonchelo, saxo, piano, oboe, viol\u00edn y marimba a cargo de profesores del nivel de los maestros Michal Dmochowski, Jos\u00e9 Luis Garc\u00eda, Mariano Garc\u00eda, Savva Fatkulin, Angel Sanzo y Conrado Moya, a quienes acompa\u00f1ar\u00e1n los pianistas repertoristas Graham Jackson (violonchelo), Miguel \u00c1ngel Rodr\u00edguez (oboe), Takahiro Mita (saxof\u00f3n) y Elizaveta Yaroshinskaia (viol\u00edn).<\/p>   <p>El curso est\u00e1 dirigido a estudiantes de m\u00fasica de todo el mundo quienes, adem\u00e1s de recibir clases podr\u00e1n asistir a los conciertos interpretados por los profesores y alumnos m\u00e1s aventajados que se programan diariamente durante toda la semana. A estos recitales puede acceder el p\u00fablico. Y este a\u00f1o, como ha destacado el concejal de Cultura Jaime Jes\u00fas P\u00e9rez, \u201cde nuevo contamos con las Aulas del Conservatorio de M\u00fasica \u2018Jos\u00e9 P\u00e9rez Barcel\u00f3\u2019 y con el Auditorio del Centro Cultural\u201d.<\/p>   <p>Los alumnos en modalidad activa recibir\u00e1n un m\u00ednimo de clases individuales en funci\u00f3n de la especialidad instrumental, adem\u00e1s de clases colectivas y podr\u00e1n tomar parte en los conciertos que se desarrollar\u00e1n en el Centro Cultural. Asimismo, los alumnos activos y los oyentes podr\u00e1n disfrutar gratuitamente de las actividades paralelas que organiza en Curso como exposiciones y talleres espec\u00edficos.<\/p>   <p>La matr\u00edcula para activos es de 200 euros y de 50 euros para oyentes.  El Ayuntamiento becar\u00e1 con un 50% de la matr\u00edcula a los alumnos activos de las tres bandas municipales y del conservatorio seleccionados y con el 100% a los oyentes, as\u00ed como a profesores del conservatorio que opten y sean aceptados como activos.<\/p>   <p>El Curso y el Concurso Internacional cuentan este a\u00f1o con una nueva p\u00e1gina web en la que figura un cronograma de todos los pasos y fases, que concluir\u00e1n el 31 de mayo con la publicaci\u00f3n de los alumnos admitidos en cada modalidad. <\/p>   <p>25 Concurso Internacional de M\u00fasica<\/p>   <p>El Concurso Internacional de M\u00fasica de este a\u00f1o tendr\u00e1 como instrumento protagonista al piano. En el mismo pueden participar los alumnos admitidos en el Curso Internacional de M\u00fasica en la modalidad de activos y competir\u00e1n por tres premios. <\/p>   <p>El primero, \u2018Ayuntamiento de Benidorm\u2019, est\u00e1 dotado con 1.000 euros y el concierto de inauguraci\u00f3n del ciclo \u2018Cl\u00e1sicos a las 9\u2019 de la edici\u00f3n de 2025. El segundo premio, \u2018Servigroup\u2019, consistir\u00e1 en la gratuidad del alojamiento y manutenci\u00f3n en la edici\u00f3n de 2025 y el tercer premio, \u2018Curso Internacional de M\u00fasica de Benidorm\u2019, ofrecer\u00e1 a su ganador la gratuidad de la matr\u00edcula del curso en 2025.<\/p> ","protected":false},"excerpt":{"rendered":"<p>Del 30 de junio al 5 de julio Benidorm acoge el XXXV Curso y XXV Concurso Internacional de M\u00fasica<\/p>\n","protected":false},"author":0,"featured_media":2612,"comment_status":"open","ping_status":"open","sticky":false,"template":"","format":"standard","meta":{"_acf_changed":false,"footnotes":""},"categories":[1],"tags":[],"class_list":["post-2611","post","type-post","status-publish","format-standard","has-post-thumbnail","hentry","category-sin-categoria"],"acf":{"ser_id":"TRLTDWSHCJCDRF3AK26TXE73AI","ser_url":"https:\/\/cadenaser.com\/comunitat-valenciana\/2024\/02\/22\/abierto-el-plazo-de-matricula-para-el-xxxv-curso-internacional-de-musica-de-benidorm-radio-benidorm\/"},"_links":{"self":[{"href":"https:\/\/serbenidorm.daliisolutions.com\/index.php\/wp-json\/wp\/v2\/posts\/2611","targetHints":{"allow":["GET"]}}],"collection":[{"href":"https:\/\/serbenidorm.daliisolutions.com\/index.php\/wp-json\/wp\/v2\/posts"}],"about":[{"href":"https:\/\/serbenidorm.daliisolutions.com\/index.php\/wp-json\/wp\/v2\/types\/post"}],"replies":[{"embeddable":true,"href":"https:\/\/serbenidorm.daliisolutions.com\/index.php\/wp-json\/wp\/v2\/comments?post=2611"}],"version-history":[{"count":0,"href":"https:\/\/serbenidorm.daliisolutions.com\/index.php\/wp-json\/wp\/v2\/posts\/2611\/revisions"}],"wp:featuredmedia":[{"embeddable":true,"href":"https:\/\/serbenidorm.daliisolutions.com\/index.php\/wp-json\/wp\/v2\/media\/2612"}],"wp:attachment":[{"href":"https:\/\/serbenidorm.daliisolutions.com\/index.php\/wp-json\/wp\/v2\/media?parent=2611"}],"wp:term":[{"taxonomy":"category","embeddable":true,"href":"https:\/\/serbenidorm.daliisolutions.com\/index.php\/wp-json\/wp\/v2\/categories?post=2611"},{"taxonomy":"post_tag","embeddable":true,"href":"https:\/\/serbenidorm.daliisolutions.com\/index.php\/wp-json\/wp\/v2\/tags?post=2611"}],"curies":[{"name":"wp","href":"https:\/\/api.w.org\/{rel}","templated":true}]}}