{"id":2613,"date":"2024-02-22T14:12:02","date_gmt":"2024-02-22T13:12:02","guid":{"rendered":"https:\/\/serbenidorm.daliisolutions.com\/index.php\/2024\/02\/22\/cuarta-jornada-de-huelga-en-la-itv-de-benidorm\/"},"modified":"2024-02-22T14:12:02","modified_gmt":"2024-02-22T13:12:02","slug":"cuarta-jornada-de-huelga-en-la-itv-de-benidorm","status":"publish","type":"post","link":"https:\/\/serbenidorm.daliisolutions.com\/index.php\/2024\/02\/22\/cuarta-jornada-de-huelga-en-la-itv-de-benidorm\/","title":{"rendered":"Cuarta jornada de huelga en la ITV de Benidorm"},"content":{"rendered":"  <p>Benidorm<\/p>   <p>Siguen las huelgas convocadas por los sindicatos mayoritarios (CCOO y UGT)<a href=\"https:\/\/cadenaser.com\/tag\/benidorm\/a\/\" target=\"_blank\" rel=\"noopener\"> cada martes y jueves desde la semana pasada en las estaciones de la Inspecci\u00f3n T\u00e9cnica de Veh\u00edculos, incluida la de Benidorm<\/a>, una de las que experiment\u00f3 hace justo un a\u00f1o el proceso de reversi\u00f3n y vuelta a la gesti\u00f3n p\u00fablica a trav\u00e9s de la empresa SITVAL de la Generalitat Valenciana.<\/p>   <p>Una protesta que de momento se mantendr\u00e1 en el tiempo y en la que los trabajadores reivindican la equiparaci\u00f3n salarial entre estaciones. El funcionamiento de las instalaciones se reduce as\u00ed a un 40% de su capacidad, los servicios m\u00ednimos fijados, provocando retrasos de m\u00e1s de tres horas que generan una imagen de empleados protestando con carteler\u00eda entre los veh\u00edculos que se acumulan en largas colas al acceso de la estaci\u00f3n situada en la avenida Comunitat Valenciana.<\/p>   <p>\u00abYa est\u00e1 bien de promesas\u00bb<\/p>   <p>\u00abLo que revindicamos es simplemente que los trabajadores de la provincia de Alicante tenemos unas condiciones diferentes a los compa\u00f1eros de Valencia y Castell\u00f3n porque las anteriores empresas que lo gestionaban ten\u00edan unas peores condiciones. La nueva empresa, al unificarnos, dijo que lo l\u00f3gico era que tuvi\u00e9ramos las mismas condiciones. Firmamos un acuerdo por ambas partes pero todav\u00eda no se ha aplicado\u00bb, explica el delegado del sindicato UGT en la ITV de Benidorm Ximo Sanch\u00eds.<\/p>   <p>Adem\u00e1s de las jornadas de huelga, la situaci\u00f3n tambi\u00e9n se complica en los d\u00edas donde no hay convocadas protestas porque, explica Sanchis, las citas que no se atienden los martes y los jueves se reubican en agendas que ya est\u00e1n completas. De esta manera, las esperas durante horas de los usuarios a la puerta de la estaci\u00f3n se repiten durante toda la semana.<\/p>   <p>Volver a privatizar las ITV<\/p>   <p>La consellera de <a href=\"https:\/\/cadenaser.com\/tag\/generalitat_valenciana\/a\/\" target=\"_blank\" rel=\"noopener\">Turismo, Industria Comercio y Competitividad de la Generalitat Valenciana<\/a>, Nuria Montes, abri\u00f3 la puerta en agosto del a\u00f1o pasado, <a href=\"https:\/\/cadenaser.com\/comunitat-valenciana\/2023\/08\/25\/la-consellera-de-industria-y-turismo-abre-la-puerta-a-volver-a-privatizar-las-itv-de-la-comunitat-valenciana-radio-benidorm\/\" target=\"_blank\" rel=\"noopener\">durante una entrevista en Hoy por Hoy Benidorm<\/a>, a volver a privatizar las ITV de la Comunitat Valenciana despu\u00e9s de la reversi\u00f3n que se produjo en marzo del 2023 y que seg\u00fan ella fue completamente innecesaria.<\/p>   <p>\u00abLa ITV es en un modelo de empresa privada en el que compet\u00edan unas con otras y funcionaba perfectamente\u00bb, se\u00f1alaba Montes antes de lamentar que \u00abnos hemos encontrado con una situaci\u00f3n catastr\u00f3fica\u00bb.<\/p> ","protected":false},"excerpt":{"rendered":"<p>Este jueves los trabajadores han vuelto a reivindicar la equiparaci\u00f3n salarial y las estaciones, con servicios m\u00ednimos martes y jueves, acumulan retrasos de horas durante toda la semana<\/p>\n","protected":false},"author":0,"featured_media":2614,"comment_status":"open","ping_status":"open","sticky":false,"template":"","format":"standard","meta":{"_acf_changed":false,"footnotes":""},"categories":[1],"tags":[],"class_list":["post-2613","post","type-post","status-publish","format-standard","has-post-thumbnail","hentry","category-sin-categoria"],"acf":{"ser_id":"7NBBXIJQCBGAJHSY4JIZ5WQGSE","ser_url":"https:\/\/cadenaser.com\/comunitat-valenciana\/2024\/02\/22\/cuarta-jornada-de-huelga-en-la-itv-de-benidorm-radio-benidorm\/"},"_links":{"self":[{"href":"https:\/\/serbenidorm.daliisolutions.com\/index.php\/wp-json\/wp\/v2\/posts\/2613","targetHints":{"allow":["GET"]}}],"collection":[{"href":"https:\/\/serbenidorm.daliisolutions.com\/index.php\/wp-json\/wp\/v2\/posts"}],"about":[{"href":"https:\/\/serbenidorm.daliisolutions.com\/index.php\/wp-json\/wp\/v2\/types\/post"}],"replies":[{"embeddable":true,"href":"https:\/\/serbenidorm.daliisolutions.com\/index.php\/wp-json\/wp\/v2\/comments?post=2613"}],"version-history":[{"count":0,"href":"https:\/\/serbenidorm.daliisolutions.com\/index.php\/wp-json\/wp\/v2\/posts\/2613\/revisions"}],"wp:featuredmedia":[{"embeddable":true,"href":"https:\/\/serbenidorm.daliisolutions.com\/index.php\/wp-json\/wp\/v2\/media\/2614"}],"wp:attachment":[{"href":"https:\/\/serbenidorm.daliisolutions.com\/index.php\/wp-json\/wp\/v2\/media?parent=2613"}],"wp:term":[{"taxonomy":"category","embeddable":true,"href":"https:\/\/serbenidorm.daliisolutions.com\/index.php\/wp-json\/wp\/v2\/categories?post=2613"},{"taxonomy":"post_tag","embeddable":true,"href":"https:\/\/serbenidorm.daliisolutions.com\/index.php\/wp-json\/wp\/v2\/tags?post=2613"}],"curies":[{"name":"wp","href":"https:\/\/api.w.org\/{rel}","templated":true}]}}