{"id":2615,"date":"2024-02-22T15:21:18","date_gmt":"2024-02-22T14:21:18","guid":{"rendered":"https:\/\/serbenidorm.daliisolutions.com\/index.php\/2024\/02\/22\/finestrat-renuncia-a-la-bandera-azul-en-la-cala-para-poder-hacer-el-mantenimiento-del-deposito-anti-tormentas\/"},"modified":"2024-02-22T15:21:18","modified_gmt":"2024-02-22T14:21:18","slug":"finestrat-renuncia-a-la-bandera-azul-en-la-cala-para-poder-hacer-el-mantenimiento-del-deposito-anti-tormentas","status":"publish","type":"post","link":"https:\/\/serbenidorm.daliisolutions.com\/index.php\/2024\/02\/22\/finestrat-renuncia-a-la-bandera-azul-en-la-cala-para-poder-hacer-el-mantenimiento-del-deposito-anti-tormentas\/","title":{"rendered":"Finestrat renuncia a la Bandera Azul en La Cala para poder hacer el mantenimiento del dep\u00f3sito anti tormentas"},"content":{"rendered":"  <p>Finestrat<\/p>   <p>Han pasado m\u00e1s de 5 a\u00f1os desde la <a href=\"https:\/\/cadenaser.com\/tag\/finestrat\/a\/\" target=\"_blank\" rel=\"noopener\">canalizaci\u00f3n del Barranco de La Cala de Finestrat para ralentizar la velocidad de las avenidas de agua y, con ello, reducir la peligrosidad para las personas y de arrastre que ello supone<\/a>. Una infraestructura fundamental para lograr este objetivo fue el dep\u00f3sito subterr\u00e1neo donde llegan las aguas pluviales y son derivadas a la red de saneamiento municipal. <\/p>   <p>Este aliviadero est\u00e1 protegido por una escollera cubierta de arena, pero el paso del tiempo y la salida de aguas, sobre todo en d\u00edas de lluvia, ha provocado un hundimiento de parte de esa escollera que ha afectado a la arena que cubre esa zona.<\/p>  <p><p class=\"tit\"><span>Hora 14 Benidorm (22\/02\/2024)<\/span><\/p> <p class=\"emb\"><iframe loading=\"lazy\" src=\"https:\/\/cadenaser.com\/embed\/audio\/460\/cadenaser_benidorm_hora14benidorm_20240222_141700_143000\/\" width=\"100%\" height=\"360\" frameborder=\"0\" allowfullscreen><\/iframe><\/p><\/p>   <p>El Ayuntamiento de Finestrat ha planteado ahora una intervenci\u00f3n en esa zona final para llevar a cabo trabajos de mantenimiento de la escollera y as\u00ed frenar la p\u00e9rdida de arena. Esa intervenci\u00f3n durar\u00eda apenas dos semanas y aunque afectar\u00eda de forma m\u00ednima a la actividad tur\u00edstica, ha asegurado el alcalde Juanfran P\u00e9rez Llorca, es necesaria.<\/p>   <p>\u201cEstas obras que queremos hacer son fundamentales para dar un mejor servicio. Hemos empezado con la tramitaci\u00f3n de permisos para una obra de mantenimiento imprescindible para su efectividad. Al deber iniciar estas obras, este a\u00f1o no vamos a optar a la bandera azul porque sabemos que cuando hay obras en la playa no se puede optar a la bandera; pero queremos sacrificar este distintivo sin perder la excelente calidad y los magn\u00edficos servicios que tiene nuestra Cala de Finestrat\u201d, ha explicado<\/p>   <p>Renuncia a la Bandera Azul<\/p>   <p>La decisi\u00f3n de no optar a la Bandera Azul ya ha sido comunicada desde el consistorio a la entidad gestora de Banderas Azules, ADEAC, Asociaci\u00f3n de Educaci\u00f3n Ambiental y del Consumidor.<\/p>   <p>Las obras previstas tendr\u00e1n que ser autorizadas por el Servicio Provincial de Costas de Alicante, del Ministerio para la Transici\u00f3n Ecol\u00f3gica, y con el que ya se han iniciado los primeros tr\u00e1mites para su autorizaci\u00f3n.<\/p> ","protected":false},"excerpt":{"rendered":"<p>Obras en el tramo final del Barranco<\/p>\n","protected":false},"author":0,"featured_media":2616,"comment_status":"open","ping_status":"open","sticky":false,"template":"","format":"standard","meta":{"_acf_changed":false,"footnotes":""},"categories":[1],"tags":[],"class_list":["post-2615","post","type-post","status-publish","format-standard","has-post-thumbnail","hentry","category-sin-categoria"],"acf":{"ser_id":"STXAQZIDYJCSJPDSFR5GVNGOBA","ser_url":"https:\/\/cadenaser.com\/comunitat-valenciana\/2024\/02\/22\/finestrat-renuncia-a-la-bandera-azul-en-la-cala-para-poder-hacer-el-mantenimiento-del-deposito-anti-tormentas-radio-benidorm\/"},"_links":{"self":[{"href":"https:\/\/serbenidorm.daliisolutions.com\/index.php\/wp-json\/wp\/v2\/posts\/2615","targetHints":{"allow":["GET"]}}],"collection":[{"href":"https:\/\/serbenidorm.daliisolutions.com\/index.php\/wp-json\/wp\/v2\/posts"}],"about":[{"href":"https:\/\/serbenidorm.daliisolutions.com\/index.php\/wp-json\/wp\/v2\/types\/post"}],"replies":[{"embeddable":true,"href":"https:\/\/serbenidorm.daliisolutions.com\/index.php\/wp-json\/wp\/v2\/comments?post=2615"}],"version-history":[{"count":0,"href":"https:\/\/serbenidorm.daliisolutions.com\/index.php\/wp-json\/wp\/v2\/posts\/2615\/revisions"}],"wp:featuredmedia":[{"embeddable":true,"href":"https:\/\/serbenidorm.daliisolutions.com\/index.php\/wp-json\/wp\/v2\/media\/2616"}],"wp:attachment":[{"href":"https:\/\/serbenidorm.daliisolutions.com\/index.php\/wp-json\/wp\/v2\/media?parent=2615"}],"wp:term":[{"taxonomy":"category","embeddable":true,"href":"https:\/\/serbenidorm.daliisolutions.com\/index.php\/wp-json\/wp\/v2\/categories?post=2615"},{"taxonomy":"post_tag","embeddable":true,"href":"https:\/\/serbenidorm.daliisolutions.com\/index.php\/wp-json\/wp\/v2\/tags?post=2615"}],"curies":[{"name":"wp","href":"https:\/\/api.w.org\/{rel}","templated":true}]}}