{"id":2634,"date":"2024-02-22T19:52:02","date_gmt":"2024-02-22T18:52:02","guid":{"rendered":"https:\/\/serbenidorm.daliisolutions.com\/index.php\/2024\/02\/22\/el-crecimiento-de-benidorm-y-la-marina-baixa-impone-la-necesidad-de-una-desaladora-si-no-esta-en-2026-estara-en-2027\/"},"modified":"2024-02-22T19:52:02","modified_gmt":"2024-02-22T18:52:02","slug":"el-crecimiento-de-benidorm-y-la-marina-baixa-impone-la-necesidad-de-una-desaladora-si-no-esta-en-2026-estara-en-2027","status":"publish","type":"post","link":"https:\/\/serbenidorm.daliisolutions.com\/index.php\/2024\/02\/22\/el-crecimiento-de-benidorm-y-la-marina-baixa-impone-la-necesidad-de-una-desaladora-si-no-esta-en-2026-estara-en-2027\/","title":{"rendered":"El crecimiento de Benidorm y la Marina Baixa impone la necesidad de una desaladora: \u00abSi no est\u00e1 en 2026, estar\u00e1 en 2027\u00bb"},"content":{"rendered":"  <p>Benidorm<\/p>   <p>El Consorcio de Aguas de la Marina Baixa planteaba el pasado viernes en su junta <a href=\"https:\/\/cadenaser.com\/comunitat-valenciana\/2024\/02\/16\/la-marina-baixa-se-prepara-para-la-sequia-estos-son-los-tres-escenarios-posibles-radio-benidorm\/\" target=\"_blank\" rel=\"noopener\">tres escenarios de cara al verano en funci\u00f3n de las lluvias que se recojan esta primavera<\/a>. De esos tres supuestos su director, Jaime Berenguer, ha considerado en<a href=\"https:\/\/cadenaser.com\/tag\/comarca_la_marina_baixa\/a\/\" target=\"_blank\" rel=\"noopener\"> La Ventana de la Marina Baixa<\/a> como \u00abel m\u00e1s probable\u00bb que a lo largo del periodo estival entremos en situaci\u00f3n de emergencia por sequ\u00eda con la previsi\u00f3n de necesitar un aporte de entre uno y tres hect\u00f3metros c\u00fabicos de agua de la planta desaladora de Mutxamel.<\/p>   <p>El precio del hect\u00f3metro c\u00fabico ronda en ese momento el mill\u00f3n de euros y esta alerta por sequ\u00eda meses de temporada alta, cuando Benidorm y comarca multiplican su poblaci\u00f3n por el turismo, podr\u00eda acarrear restricci\u00f3n de los riegos y los abastecimientos con una bajada de presi\u00f3n, ha advertido Berenguer antes de subrayar que una desaladora m\u00e1s pr\u00f3xima es una necesidad fundamental de cara al crecimiento urban\u00edstico y demogr\u00e1fico previsto en las pr\u00f3ximas d\u00e9cadas.<\/p>   <p>\u00abTenemos un crecimiento del 2 % anual y esto significa casi 400.000 metros c\u00fabicos. Por esto el sistema Marina Baixa ha introducido la desalaci\u00f3n de Mutxamel en un hect\u00f3metro c\u00fabico con independencia de sequ\u00eda o normalidad\u00bb, ha afirmado el director:<a href=\"https:\/\/cadenaser.com\/tag\/benidorm\/a\/\" target=\"_blank\" rel=\"noopener\"> \u00abEn el corto plazo, 2025-2023, van a ser necesarios cinco hect\u00f3metros c\u00fabicos y esto solo se puede hacer recuperando la antigua desaladora del parque tem\u00e1tico de Benidorm\u00bb<\/a>.<\/p>   <p>La previsi\u00f3n, asegura, es que pueda ser utilizada entre los a\u00f1os 2026 y 2027: \u00abLa desaladora que hemos planificado tiene una primera l\u00ednea de tres hect\u00f3metros c\u00fabicos y un horizonte de seis, es una tercera parte de la EDAM de Mutxamel, pero ya tenemos aqu\u00ed el recurso y el emisario submarino, se tratar\u00eda de recuperar las autorizaciones y las instalaciones\u00bb.<\/p>   <p>Los &#8216;resguardos&#8217; impiden el mantenimiento de los embalses en un volumen normal<\/p>   <p>En estos momentos el embalse de Guadalest tiene 5,5 hect\u00f3metros c\u00fabicos de agua del total de 12,5 que puede albergar y el de Amadorio, 3,3 de los 14,2 hm3 que marcan su capacidad total.<\/p>   <p>Lo ideal ser\u00eda tras el oto\u00f1o que ambos se situasen entre seis y siete hect\u00f3metros c\u00fabicos. Algo que se podr\u00eda conseguir, lamenta el director del Consorcio, si la Confederaci\u00f3n Hidrogr\u00e1fica del J\u00facar (CHJ), organismo dependiente del gobierno central, no restringiese el almacenamiento: \u00abHay un mecanismo que se denomina &#8216;resguardo&#8217; y que establece unos vol\u00famenes m\u00e1ximos mensuales en funci\u00f3n de la probabilidad de lluvia\u00bb.<\/p>   <p>Con las generosas lluvias del a\u00f1o 2022, cuando se llegaron a recoger cerca de 800 litros solo en el mes de marzo, \u00abpr\u00e1cticamente vaciamos los embalses, vertimos al mar casi 10 hect\u00f3metros c\u00fabicos\u00bb, cuenta Berenguer antes de subrayar esa reiterada petici\u00f3n a la Confederaci\u00f3n para que se revisen estas medidas establecidas en el a\u00f1o 2000 \u00abporque ahora tenemos unos sistemas de predicci\u00f3n meteorol\u00f3gica mucho m\u00e1s importantes\u00bb.<\/p>  <p><p>M\u00e1s informaci\u00f3n<\/p><figure><img decoding=\"async\" src=\"https:\/\/cadenaser.com\/resizer\/zYvNJ2ScC2apS0JtqUknYaYDZWE=\/650x366\/filters:quality(70)\/cloudfront-eu-central-1.images.arcpublishing.com\/prisaradio\/ALIUZNXEG5FNLLLEZ32JMRLBNM.jpeg\" loading=\"lazy\" width=\"828\" height=\"621\" \/><\/figure><ul><li><a href=\"https:\/\/cadenaser.com\/comunitat-valenciana\/2024\/02\/16\/la-generalitat-anuncia-14-5-millones-en-cuatro-anos-para-renovar-la-depuradora-de-benidorm-radio-benidorm\/\">La Generalitat anuncia 14, 5 millones en cuatro a\u00f1os para renovar la depuradora de Benidorm<\/a><\/li><\/ul><\/p>   <p>Seg\u00fan sus datos \u00abal d\u00eda podemos aliviar dos hect\u00f3metros c\u00fabicos y podr\u00edamos vaciar los embalses de igual forma en dos d\u00edas, lo que dar\u00eda tiempo a emprender cualquier tipo de acci\u00f3n ante cualquier tipo de meteorolog\u00eda adversa\u00bb, subraya.<\/p>   <p>Y si la actual cantidad de los embalses se mantiene tras un a\u00f1o sin pluviometr\u00eda es, explica el director del Consorcio, gracias a la explotaci\u00f3n de los grandes acu\u00edferos localizados en nuestro territorio: el del Algar, el de Beniard\u00e0 y el de Polop.<\/p>   <p>Los caudales ecol\u00f3gicos, otra reivindicaci\u00f3n<\/p>   <p>Se considera caudal ecol\u00f3gico al necesario para que la flora y la fauna se mantengan en los r\u00edos de forma natural, algo que se impone a los permanentes, que es como las autoridades competentes consideran al Guadalest o al Amadorio contra el criterio del director del Consorcio, que por las circunstancias clim\u00e1ticas y orogr\u00e1ficas de la Marina Baixa los denomina &#8216;r\u00edos-rambla&#8217;.<\/p>   <p>Solo en el caso del Guadalest cifra que se precisa la inversi\u00f3n de cinco hect\u00f3metros c\u00fabicos de agua al a\u00f1o: \u00abCon el caudal ecol\u00f3gico estamos artificializado el r\u00edo y perdiendo recursos\u00bb.<\/p>   <p>Otra \u00abarbitrariedad dram\u00e1tica\u00bb es, seg\u00fan destaca, que en su tramo final tenga 240 litros por segundo y el R\u00edo J\u00facar, 500: \u00abPara que nos hagamos una idea el J\u00facar gestiona a lo largo de su trazado 1.200 hect\u00f3metros c\u00fabicos y el Guadalest 25, es decir, es un r\u00edo 50 veces inferior que tiene la mitad de los caudales ecol\u00f3gicos en el tramo final y no est\u00e1 justificado de ninguna manera\u00bb.<\/p> ","protected":false},"excerpt":{"rendered":"<p>El director del Consorcio de Aguas Jaime Berenguer conf\u00eda en el proyecto de la nueva planta y reivindica que la Confederaci\u00f3n Hidrogr\u00e1fica del J\u00facar modifique su imposici\u00f3n de resguardos y caudales ecol\u00f3gicos: \u00abEstamos perdiendo recursos\u00bb<\/p>\n","protected":false},"author":0,"featured_media":2635,"comment_status":"open","ping_status":"open","sticky":false,"template":"","format":"standard","meta":{"_acf_changed":false,"footnotes":""},"categories":[1],"tags":[],"class_list":["post-2634","post","type-post","status-publish","format-standard","has-post-thumbnail","hentry","category-sin-categoria"],"acf":{"ser_id":"YWO43BTHJ5EXTNBQUKE5WV5GRE","ser_url":"https:\/\/cadenaser.com\/comunitat-valenciana\/2024\/02\/22\/el-crecimiento-de-benidorm-y-la-marina-baixa-impone-la-necesidad-de-una-desaladora-si-no-esta-en-2026-estara-en-2027-radio-benidorm\/"},"_links":{"self":[{"href":"https:\/\/serbenidorm.daliisolutions.com\/index.php\/wp-json\/wp\/v2\/posts\/2634","targetHints":{"allow":["GET"]}}],"collection":[{"href":"https:\/\/serbenidorm.daliisolutions.com\/index.php\/wp-json\/wp\/v2\/posts"}],"about":[{"href":"https:\/\/serbenidorm.daliisolutions.com\/index.php\/wp-json\/wp\/v2\/types\/post"}],"replies":[{"embeddable":true,"href":"https:\/\/serbenidorm.daliisolutions.com\/index.php\/wp-json\/wp\/v2\/comments?post=2634"}],"version-history":[{"count":0,"href":"https:\/\/serbenidorm.daliisolutions.com\/index.php\/wp-json\/wp\/v2\/posts\/2634\/revisions"}],"wp:featuredmedia":[{"embeddable":true,"href":"https:\/\/serbenidorm.daliisolutions.com\/index.php\/wp-json\/wp\/v2\/media\/2635"}],"wp:attachment":[{"href":"https:\/\/serbenidorm.daliisolutions.com\/index.php\/wp-json\/wp\/v2\/media?parent=2634"}],"wp:term":[{"taxonomy":"category","embeddable":true,"href":"https:\/\/serbenidorm.daliisolutions.com\/index.php\/wp-json\/wp\/v2\/categories?post=2634"},{"taxonomy":"post_tag","embeddable":true,"href":"https:\/\/serbenidorm.daliisolutions.com\/index.php\/wp-json\/wp\/v2\/tags?post=2634"}],"curies":[{"name":"wp","href":"https:\/\/api.w.org\/{rel}","templated":true}]}}