{"id":2648,"date":"2024-02-23T11:20:52","date_gmt":"2024-02-23T10:20:52","guid":{"rendered":"https:\/\/serbenidorm.daliisolutions.com\/index.php\/2024\/02\/23\/el-tm-benidorm-visita-huesca-enchufado\/"},"modified":"2024-02-23T11:20:52","modified_gmt":"2024-02-23T10:20:52","slug":"el-tm-benidorm-visita-huesca-enchufado","status":"publish","type":"post","link":"https:\/\/serbenidorm.daliisolutions.com\/index.php\/2024\/02\/23\/el-tm-benidorm-visita-huesca-enchufado\/","title":{"rendered":"EL TM Benidorm visita Huesca enchufado"},"content":{"rendered":"  <p>Benidorm<\/p>   <p>Partido importante para las <a href=\"https:\/\/cadenaser.com\/tag\/club_balonmano_benidorm\/a\/\" target=\"_blank\" rel=\"noopener\">aspiraciones del TM Benidorm a seguir enganchado a los equipos de la zona media alta de la clasificaci\u00f3n<\/a>. Los benidormenses visitan la dif\u00edcil pista del Bada Huesca que para este partido homenajear\u00e1 a todos sus equipos de base por lo que el encuentro presentara una gran afluencia.<\/p>   <p>Los de Sergio Carballeira tendr\u00e1n que hacer un partido muy serio sin muchas perdidas de bal\u00f3n tal y como ocurri\u00f3 la pasada jornada ante el Frigor\u00edficos Morrazo, adem\u00e1s de ser muy s\u00f3lidos en defensa manteniendo a raya el lanzamiento exterior de los oscenses ya que es uno de sus fuertes seg\u00fan palabras del entrenador del equipo de la provincia de Alicante.<\/p>  <p><p>M\u00e1s informaci\u00f3n<\/p><figure><img decoding=\"async\" src=\"https:\/\/cadenaser.com\/resizer\/9JwFujySZFkzmA9bOFkdLZInO4Q=\/650x366\/filters:quality(70)\/cloudfront-eu-central-1.images.arcpublishing.com\/prisaradio\/Z4P5OVRHT5AVXKQF4476U76OH4.jpg\" loading=\"lazy\" width=\"828\" height=\"621\" \/><\/figure><ul><li><a href=\"https:\/\/cadenaser.com\/comunitat-valenciana\/2024\/02\/18\/el-tm-benidorm-firma-un-excelente-partido-en-su-reencuentro-con-el-palau-radio-benidorm\/\">El TM Benidorm firma un excelente partido en su reencuentro con el Palau<\/a><\/li><\/ul><\/p>   <p>Una victoria del Benidorm les pondr\u00eda con 20 puntos muy lejos ya de los puestos de descenso, mientras que los de Huesca intentar\u00e1n sumar los dos puntos y alcanzar as\u00ed al equipo alicantino.<\/p>   <p>Las visitas del TM Benidorm al Palacio Municipal de Huesca favorecen al equipo local con 6 victorias y tres derrotas, aunque las dos \u00faltimas temporadas fueron los visitantes los que se llevaron los puntos.<\/p> ","protected":false},"excerpt":{"rendered":"<p>Buscar\u00e1 su segunda victoria consecutiva en Liga Asobal este domingo<\/p>\n","protected":false},"author":0,"featured_media":2649,"comment_status":"open","ping_status":"open","sticky":false,"template":"","format":"standard","meta":{"_acf_changed":false,"footnotes":""},"categories":[16],"tags":[],"class_list":["post-2648","post","type-post","status-publish","format-standard","has-post-thumbnail","hentry","category-deportes"],"acf":{"ser_id":"JE3MJVA7GBBKRP7LEB5SEK3OSA","ser_url":"https:\/\/cadenaser.com\/comunitat-valenciana\/2024\/02\/23\/el-tm-benidorm-visita-huesca-enchufado-radio-benidorm\/"},"_links":{"self":[{"href":"https:\/\/serbenidorm.daliisolutions.com\/index.php\/wp-json\/wp\/v2\/posts\/2648","targetHints":{"allow":["GET"]}}],"collection":[{"href":"https:\/\/serbenidorm.daliisolutions.com\/index.php\/wp-json\/wp\/v2\/posts"}],"about":[{"href":"https:\/\/serbenidorm.daliisolutions.com\/index.php\/wp-json\/wp\/v2\/types\/post"}],"replies":[{"embeddable":true,"href":"https:\/\/serbenidorm.daliisolutions.com\/index.php\/wp-json\/wp\/v2\/comments?post=2648"}],"version-history":[{"count":0,"href":"https:\/\/serbenidorm.daliisolutions.com\/index.php\/wp-json\/wp\/v2\/posts\/2648\/revisions"}],"wp:featuredmedia":[{"embeddable":true,"href":"https:\/\/serbenidorm.daliisolutions.com\/index.php\/wp-json\/wp\/v2\/media\/2649"}],"wp:attachment":[{"href":"https:\/\/serbenidorm.daliisolutions.com\/index.php\/wp-json\/wp\/v2\/media?parent=2648"}],"wp:term":[{"taxonomy":"category","embeddable":true,"href":"https:\/\/serbenidorm.daliisolutions.com\/index.php\/wp-json\/wp\/v2\/categories?post=2648"},{"taxonomy":"post_tag","embeddable":true,"href":"https:\/\/serbenidorm.daliisolutions.com\/index.php\/wp-json\/wp\/v2\/tags?post=2648"}],"curies":[{"name":"wp","href":"https:\/\/api.w.org\/{rel}","templated":true}]}}