{"id":2654,"date":"2024-02-23T13:56:26","date_gmt":"2024-02-23T12:56:26","guid":{"rendered":"https:\/\/serbenidorm.daliisolutions.com\/index.php\/2024\/02\/23\/suspendido-el-cf-benidorm-santa-pola-y-todo-el-futbol-y-el-voley-en-categorias-autonomicas-por-el-tragico-incendio-de-valencia\/"},"modified":"2024-02-23T13:56:26","modified_gmt":"2024-02-23T12:56:26","slug":"suspendido-el-cf-benidorm-santa-pola-y-todo-el-futbol-y-el-voley-en-categorias-autonomicas-por-el-tragico-incendio-de-valencia","status":"publish","type":"post","link":"https:\/\/serbenidorm.daliisolutions.com\/index.php\/2024\/02\/23\/suspendido-el-cf-benidorm-santa-pola-y-todo-el-futbol-y-el-voley-en-categorias-autonomicas-por-el-tragico-incendio-de-valencia\/","title":{"rendered":"Suspendido el CF Benidorm-Santa Pola y todo el f\u00fatbol y el v\u00f3ley en categor\u00edas auton\u00f3micas por el tr\u00e1gico incendio de Valencia"},"content":{"rendered":"  <p>Benidorm<\/p>   <p>No se jugar\u00e1 el CF Benidorm-Santa Pola correspondiente a la vig\u00e9sima jornada de la Lliga Comunitat y que estaba previsto para el domingo a mediod\u00eda en el estadio municipal Guillermo Amor <a href=\"https:\/\/cadenaser.com\/comunitat-valenciana\/2024\/02\/22\/declarado-un-incendio-en-el-barrio-de-campanar-de-valencia-radio-valencia\/\" target=\"_blank\" rel=\"noopener\">en se\u00f1al de duelo por el incendio en un edificio de Valencia<\/a>. La Federaci\u00f3n de F\u00fatbol de la Comunitat Valenciana (FFCV) as\u00ed como su hom\u00f3loga de Voleibol (FVBCV) se han unido as\u00ed al luto cancelando todos los encuentros programados este fin de semana en categor\u00edas auton\u00f3micas, tanto para adultos como para ni\u00f1os.<\/p>   <p>Comunicado de la FFCV<\/p>   <p>La Federaci\u00f3 de Futbol de la Comunitat Valenciana desea, en primer lugar, mostrar su tristeza y consternaci\u00f3n ante el incendio producido en la tarde de ayer en la ciudad de Val\u00e8ncia y reiterar el m\u00e1s sentido p\u00e9same a familiares y amigos de las v\u00edctimas mortales derivadas del mismo.<\/p>   <p><div><a href=\"https:\/\/cadenaser.com\/comunitat-valenciana\/2024\/02\/22\/declarado-un-incendio-en-el-barrio-de-campanar-de-valencia-radio-valencia\/\">\u00daltima hora del incendio en Valencia<\/a><p><\/p><\/div><\/p>   <p>En segundo lugar, la FFCV quiere agradecer de nuevo p\u00fablicamente el trabajo heroico realizado por los servicios de emergencias, bomberos, polic\u00eda y resto de autoridades para impedir que la desgracia fuera a\u00fan mayor de lo que es.<\/p>   <p>En consecuencia, para mostrar solidaridad y condolencias con los afectados por una de las tragedias m\u00e1s impactantes que ha sufrido la ciudad en toda su historia, la FFCV suspende todos los partidos que se deb\u00edan disputar este fin de semana en la Comunitat Valenciana en todas las categor\u00edas territoriales, tanto de f\u00fatbol y f\u00fatbol sala base como de f\u00fatbol y f\u00fatbol sala amateur, as\u00ed como las competiciones nacionales delegadas en la FFCV: Tercera Federaci\u00f3n y Liga Nacional Juvenil de f\u00fatbol y Tercera Divisi\u00f3n de f\u00fatbol sala.<\/p>   <p><div><blockquote class=\"twitter-tweet\"><p lang=\"es\" dir=\"ltr\">El <a href=\"https:\/\/twitter.com\/hashtag\/CFBenidorm?src=hash&amp;ref_src=twsrc%5Etfw\">#CFBenidorm<\/a> desea mostrar sus profundas condolencias a familias y allegados de las personas fallecidas en el incendio de Valencia y mandar su \u00e1nimo y apoyo a los afectados. Antes de nuestro partido del domingo en el Guillermo Amor, se guardar\u00e1 un respetuoso silencio.\u00a0D.E.P.\ud83d\ude4f <a href=\"https:\/\/t.co\/Y8Zi956C1i\">pic.twitter.com\/Y8Zi956C1i<\/a><\/p>\u2014 CF BENIDORM (@RCFBenidorm) <a href=\"https:\/\/twitter.com\/RCFBenidorm\/status\/1760952005114171895?ref_src=twsrc%5Etfw\">February 23, 2024<\/a><\/blockquote>   <\/div><\/p>   <p>Adem\u00e1s, la FFCV propone que se guarde minuto de silencio en todos los encuentros que se disputen la jornada siguiente en todos los campos de la Comunitat Valenciana.<\/p>   <p>La FFCV est\u00e1 recibiendo multitud de mensajes de consternaci\u00f3n del mundo del f\u00fatbol por lo sucedido. Se anima tambi\u00e9n a todos los clubes a expresar sus condolencias de forma p\u00fablica en sus redes sociales y a realizar cualquier actividad de apoyo a las v\u00edctimas.<\/p>   <p>Comunicado de la FVBCV<\/p>   <p>La Federaci\u00f3n de Voleibol de la Comunitat Valenciana decreta la suspensi\u00f3n de todas las competiciones auton\u00f3micas de este fin de semana en solidaridad con los afectados por el grave incendio de Val\u00e8ncia.<\/p>   <p>La FVBCV tambi\u00e9n quiere poner en valor la extraordinaria labor desempe\u00f1ada por las Fuerzas y Cuerpos de Seguridad del Estado, as\u00ed como por todos los cuerpos sanitarios. La FVBCV anima tambi\u00e9n a todos los clubes a mostrar sus condolencias de forma p\u00fablica a trav\u00e9s de las redes sociales.<\/p> ","protected":false},"excerpt":{"rendered":"<p>Los equipos de la Marina Baixa en categor\u00edas nacionales si disputar\u00e1n la jornada<\/p>\n","protected":false},"author":0,"featured_media":2655,"comment_status":"open","ping_status":"open","sticky":false,"template":"","format":"standard","meta":{"_acf_changed":false,"footnotes":""},"categories":[1],"tags":[],"class_list":["post-2654","post","type-post","status-publish","format-standard","has-post-thumbnail","hentry","category-sin-categoria"],"acf":{"ser_id":"ATIFM7DQUFBZDKJBUI45NOZ2ZQ","ser_url":"https:\/\/cadenaser.com\/comunitat-valenciana\/2024\/02\/23\/suspendido-el-cf-benidorm-santa-pola-y-todo-el-futbol-y-el-voley-en-categorias-autonomicas-por-el-tragico-incendio-de-valencia-radio-benidorm\/"},"_links":{"self":[{"href":"https:\/\/serbenidorm.daliisolutions.com\/index.php\/wp-json\/wp\/v2\/posts\/2654","targetHints":{"allow":["GET"]}}],"collection":[{"href":"https:\/\/serbenidorm.daliisolutions.com\/index.php\/wp-json\/wp\/v2\/posts"}],"about":[{"href":"https:\/\/serbenidorm.daliisolutions.com\/index.php\/wp-json\/wp\/v2\/types\/post"}],"replies":[{"embeddable":true,"href":"https:\/\/serbenidorm.daliisolutions.com\/index.php\/wp-json\/wp\/v2\/comments?post=2654"}],"version-history":[{"count":0,"href":"https:\/\/serbenidorm.daliisolutions.com\/index.php\/wp-json\/wp\/v2\/posts\/2654\/revisions"}],"wp:featuredmedia":[{"embeddable":true,"href":"https:\/\/serbenidorm.daliisolutions.com\/index.php\/wp-json\/wp\/v2\/media\/2655"}],"wp:attachment":[{"href":"https:\/\/serbenidorm.daliisolutions.com\/index.php\/wp-json\/wp\/v2\/media?parent=2654"}],"wp:term":[{"taxonomy":"category","embeddable":true,"href":"https:\/\/serbenidorm.daliisolutions.com\/index.php\/wp-json\/wp\/v2\/categories?post=2654"},{"taxonomy":"post_tag","embeddable":true,"href":"https:\/\/serbenidorm.daliisolutions.com\/index.php\/wp-json\/wp\/v2\/tags?post=2654"}],"curies":[{"name":"wp","href":"https:\/\/api.w.org\/{rel}","templated":true}]}}