{"id":2656,"date":"2024-02-23T15:21:04","date_gmt":"2024-02-23T14:21:04","guid":{"rendered":"https:\/\/serbenidorm.daliisolutions.com\/index.php\/2024\/02\/23\/la-vila-joiosa-cambiara-el-uso-de-una-parcela-urbana-para-construir-la-casa-de-la-musica\/"},"modified":"2024-02-23T15:21:04","modified_gmt":"2024-02-23T14:21:04","slug":"la-vila-joiosa-cambiara-el-uso-de-una-parcela-urbana-para-construir-la-casa-de-la-musica","status":"publish","type":"post","link":"https:\/\/serbenidorm.daliisolutions.com\/index.php\/2024\/02\/23\/la-vila-joiosa-cambiara-el-uso-de-una-parcela-urbana-para-construir-la-casa-de-la-musica\/","title":{"rendered":"La Vila Joiosa cambiar\u00e1 el uso de una parcela urbana para construir la Casa de la M\u00fasica"},"content":{"rendered":"  <p>La Vila Joiosa<\/p>   <p>El Ayuntamiento de La Vila Joiosa va a iniciar un procedimiento de permuta de terrenos para ubicar, en una parcela situada junto al Teatre Auditori, el futuro edificio de la Casa de la M\u00fasica.<\/p>   <p>As\u00ed lo ha explicado el alcalde, Marcos Zaragoza, a <a href=\"https:\/\/cadenaser.com\/radio-benidorm\/hoy-por-hoy-benidorm\/\" target=\"_blank\" rel=\"noopener\">Hoy por Hoy Benidorm<\/a>. Concretamente el Ayuntamiento firmar\u00e1 un convenio urban\u00edstico con la Fundaci\u00f3n Aragon\u00e9s, propietaria del suelo, para ejecutar una cesi\u00f3n patrimonial y cambiar la parcela urbana a uso dotacional p\u00fablicos<\/p>   <p>Adem\u00e1s, el primer edil ha indicado que ha emplazado a todas las entidades musicales de la ciudad a una reuni\u00f3n en el plazo de un mes para concretar los detalles sobre los plazos de ejecuci\u00f3n y cronograma del proyecto. \u201cNo podemos tener aun fechas concretas porque dependemos de lo que se demore la tramitaci\u00f3n administrativa del cambio de uso de la parcela\u201d, ha afirmado Zaragoza pero, seg\u00fan ha avanzado a <a href=\"\/\/radiobenidorm.es\" rel=\"nofollow noopener\" target=\"_blank\">Radio Benidorm<\/a>, el proyecto ser\u00e1 una realidad \u201cen esta legislatura\u201d.<\/p>   <p>La futura Casa de la M\u00fasica se construir\u00e1 en la esquina de las calles Damiana Zaragoza y Do\u00f1a Concepci\u00f3n Aragon\u00e9s, en un solar de 1.029 metros cuadrados que ocupaban, hasta hace un mes, las aulas prefabricadas del colegio Doctor Esquerdo.<\/p>   <p>El edificio tendr\u00e1 3.500 m\u00b2, distribuidos en 4 plantas y un s\u00f3tano de 700 m\u00b2 cada una. Albergar\u00e1 instalaciones para uso y ensayo de las entidades musicales y art\u00edsticas de La Vila Joiosa.<\/p>   <p>Tal y como ha indicado <a href=\"https:\/\/cadenaser.com\/comunitat-valenciana\/2023\/01\/13\/marcos-zaragoza-quiero-unir-al-centro-derecha-de-la-vila-radio-benidorm\/\" target=\"_blank\" rel=\"noopener\">Zaragoza<\/a>, la operaci\u00f3n pasa por la cesi\u00f3n de una parte de la parcela n\u00ba2 del proyecto de reparcelaci\u00f3n de la unidad de ejecuci\u00f3n n\u00famero 1 del sector PP3, propiedad de la Fundaci\u00f3n Aragon\u00e9s. \u201cVamos a hacer dotacional un suelo que es de uso residencial y, para ello, utilizaremos una herramienta urban\u00edstica que nos permite trasladar el volumen edificatorio de este suelo, que es de la Fundaci\u00f3n, a parte de la parcela actual y el resto se destinara a otro Plan Parcial para que puedan edificar all\u00ed. De esta forma gana la Fundaci\u00f3n Aragon\u00e9s y ganamos todos\u201d, explica.<\/p>   <p>Se trata de un proyecto que todos los grupos pol\u00edticos llevaban en sus <a href=\"https:\/\/cadenaser.com\/comunitat-valenciana\/2023\/06\/02\/marcos-zaragoza-lo-primero-que-voy-hacer-es-limpiar-la-vila-radio-benidorm\/\" target=\"_blank\" rel=\"noopener\">programas electorales<\/a> desde hace varias legislaturas. <a href=\"https:\/\/cadenaser.com\/comunitat-valenciana\/2023\/12\/19\/la-vila-joiosa-en-2024-el-alcalde-promete-reactivar-la-casa-de-la-musica-y-crear-los-sindicos-de-barrio-radio-benidorm\/\" target=\"_blank\" rel=\"noopener\">El anterior ejecutivo lleg\u00f3 incluso a redactar un proyecto que, finalmente, no lleg\u00f3 a materializarse y el gobierno actual ha decidido reiniciar el procedimiento desde cero y buscar nueva ubicaci\u00f3n.<\/a><\/p> ","protected":false},"excerpt":{"rendered":"<p>Se ubicar\u00e1 junto al Teatre Auditori y en un mes se emplaza a las entidades musicales a una reuni\u00f3n pare definir los plazos de ejecuci\u00f3n del proyecto<\/p>\n","protected":false},"author":0,"featured_media":2657,"comment_status":"open","ping_status":"open","sticky":false,"template":"","format":"standard","meta":{"_acf_changed":false,"footnotes":""},"categories":[1],"tags":[],"class_list":["post-2656","post","type-post","status-publish","format-standard","has-post-thumbnail","hentry","category-sin-categoria"],"acf":{"ser_id":"DDQDADHV7BGKHK6AFLPW3WGFJE","ser_url":"https:\/\/cadenaser.com\/comunitat-valenciana\/2024\/02\/23\/la-vila-joiosa-cambiara-el-uso-de-una-parcela-urbana-para-construir-la-casa-de-la-musica-radio-benidorm\/"},"_links":{"self":[{"href":"https:\/\/serbenidorm.daliisolutions.com\/index.php\/wp-json\/wp\/v2\/posts\/2656","targetHints":{"allow":["GET"]}}],"collection":[{"href":"https:\/\/serbenidorm.daliisolutions.com\/index.php\/wp-json\/wp\/v2\/posts"}],"about":[{"href":"https:\/\/serbenidorm.daliisolutions.com\/index.php\/wp-json\/wp\/v2\/types\/post"}],"replies":[{"embeddable":true,"href":"https:\/\/serbenidorm.daliisolutions.com\/index.php\/wp-json\/wp\/v2\/comments?post=2656"}],"version-history":[{"count":0,"href":"https:\/\/serbenidorm.daliisolutions.com\/index.php\/wp-json\/wp\/v2\/posts\/2656\/revisions"}],"wp:featuredmedia":[{"embeddable":true,"href":"https:\/\/serbenidorm.daliisolutions.com\/index.php\/wp-json\/wp\/v2\/media\/2657"}],"wp:attachment":[{"href":"https:\/\/serbenidorm.daliisolutions.com\/index.php\/wp-json\/wp\/v2\/media?parent=2656"}],"wp:term":[{"taxonomy":"category","embeddable":true,"href":"https:\/\/serbenidorm.daliisolutions.com\/index.php\/wp-json\/wp\/v2\/categories?post=2656"},{"taxonomy":"post_tag","embeddable":true,"href":"https:\/\/serbenidorm.daliisolutions.com\/index.php\/wp-json\/wp\/v2\/tags?post=2656"}],"curies":[{"name":"wp","href":"https:\/\/api.w.org\/{rel}","templated":true}]}}