{"id":2686,"date":"2024-02-25T11:10:55","date_gmt":"2024-02-25T10:10:55","guid":{"rendered":"https:\/\/serbenidorm.daliisolutions.com\/index.php\/2024\/02\/25\/la-nucia-se-deja-cualquier-minima-opcion-de-permanencia-en-ibiza\/"},"modified":"2024-02-25T11:10:55","modified_gmt":"2024-02-25T10:10:55","slug":"la-nucia-se-deja-cualquier-minima-opcion-de-permanencia-en-ibiza","status":"publish","type":"post","link":"https:\/\/serbenidorm.daliisolutions.com\/index.php\/2024\/02\/25\/la-nucia-se-deja-cualquier-minima-opcion-de-permanencia-en-ibiza\/","title":{"rendered":"La Nuc\u00eda se deja cualquier m\u00ednima opci\u00f3n de permanencia en Ibiza"},"content":{"rendered":"  <p>Benidorm<\/p>   <p>El C.F. La Nuc\u00eda se dej\u00f3 este s\u00e1bado en su visita al campo de la Penya Independent de Sant Joan cualquier opci\u00f3n, por remota que esta pudiera ser a estas alturas, de conseguir la salvaci\u00f3n en las apenas diez jornadas que restan para el final del campeonato liguero. En Ibiza se med\u00edan el pen\u00faltimo, enchufad\u00edsimo este mes de febrero, y el colista, que no levanta cabeza desde aquel ya olvidado terrible verano en el que estuvo al borde mismo de la desaparici\u00f3n.<\/p>   <p>Los de Mario Cartagena necesitaban sumar los tres puntos ante un rival direct\u00edsimo (el que m\u00e1s) si quer\u00edan mantener siquiera un h\u00e1lito de vida en este a\u00f1o tan complicado, pero los rojillos parecen haber dejado de creer ya no en s\u00ed mismos, sino en los milagros que de tanto en cuanto suceden en el deporte.<\/p>   <p>Los que s\u00ed creen en esa intervenci\u00f3n divina son los baleares, que saben tambi\u00e9n que para que ese milagro se produzca tienen que poner de su parte y eso es a lo que se dedicaron durante los 90 minutos disputados este s\u00e1bado.<\/p>   <p>Tras un arranque muy conservador por ambas partes, las cosas cambiaron por completo cuando a punto de cumplirse la primera media hora de juego Isuardi coloc\u00f3 el 1-0 en el marcador, justo premio a su incesante trabajo llevando el peligro a la meta nuciera.<\/p>   <p>En la segunda mitad, La Nuc\u00eda lo fio todo a las jugadas a bal\u00f3n parado, pero no vio porter\u00eda, algo que s\u00ed hizo, y en dos ocasiones, la Penya Independent que, primero por v\u00eda de Lucas Gonz\u00e1lez (\u201980) y de Rulo Prieto despu\u00e9s (\u201988) colocaba el 3-0 definitivo en el marcador.<\/p> ","protected":false},"excerpt":{"rendered":"<p>La Penya Independent alarga su buen momento y demuestra que s\u00ed cree en la salvaci\u00f3n<\/p>\n","protected":false},"author":0,"featured_media":2687,"comment_status":"open","ping_status":"open","sticky":false,"template":"","format":"standard","meta":{"_acf_changed":false,"footnotes":""},"categories":[16],"tags":[],"class_list":["post-2686","post","type-post","status-publish","format-standard","has-post-thumbnail","hentry","category-deportes"],"acf":{"ser_id":"TBLBDRN5KVHXHHOJXT6XTLSOQ4","ser_url":"https:\/\/cadenaser.com\/comunitat-valenciana\/2024\/02\/25\/la-nucia-se-deja-cualquier-minima-opcion-de-permanencia-en-ibiza-radio-benidorm\/"},"_links":{"self":[{"href":"https:\/\/serbenidorm.daliisolutions.com\/index.php\/wp-json\/wp\/v2\/posts\/2686","targetHints":{"allow":["GET"]}}],"collection":[{"href":"https:\/\/serbenidorm.daliisolutions.com\/index.php\/wp-json\/wp\/v2\/posts"}],"about":[{"href":"https:\/\/serbenidorm.daliisolutions.com\/index.php\/wp-json\/wp\/v2\/types\/post"}],"replies":[{"embeddable":true,"href":"https:\/\/serbenidorm.daliisolutions.com\/index.php\/wp-json\/wp\/v2\/comments?post=2686"}],"version-history":[{"count":0,"href":"https:\/\/serbenidorm.daliisolutions.com\/index.php\/wp-json\/wp\/v2\/posts\/2686\/revisions"}],"wp:featuredmedia":[{"embeddable":true,"href":"https:\/\/serbenidorm.daliisolutions.com\/index.php\/wp-json\/wp\/v2\/media\/2687"}],"wp:attachment":[{"href":"https:\/\/serbenidorm.daliisolutions.com\/index.php\/wp-json\/wp\/v2\/media?parent=2686"}],"wp:term":[{"taxonomy":"category","embeddable":true,"href":"https:\/\/serbenidorm.daliisolutions.com\/index.php\/wp-json\/wp\/v2\/categories?post=2686"},{"taxonomy":"post_tag","embeddable":true,"href":"https:\/\/serbenidorm.daliisolutions.com\/index.php\/wp-json\/wp\/v2\/tags?post=2686"}],"curies":[{"name":"wp","href":"https:\/\/api.w.org\/{rel}","templated":true}]}}