{"id":2694,"date":"2024-02-25T17:52:52","date_gmt":"2024-02-25T16:52:52","guid":{"rendered":"https:\/\/serbenidorm.daliisolutions.com\/index.php\/2024\/02\/25\/el-huesitos-la-vila-gana-en-bilbao-y-sigue-aspirando-al-ascenso\/"},"modified":"2024-02-25T17:52:52","modified_gmt":"2024-02-25T16:52:52","slug":"el-huesitos-la-vila-gana-en-bilbao-y-sigue-aspirando-al-ascenso","status":"publish","type":"post","link":"https:\/\/serbenidorm.daliisolutions.com\/index.php\/2024\/02\/25\/el-huesitos-la-vila-gana-en-bilbao-y-sigue-aspirando-al-ascenso\/","title":{"rendered":"El Huesitos-La Vila gana en Bilbao y sigue aspirando al ascenso"},"content":{"rendered":"  <p>Benidorm<\/p>   <p>A punto de cruzar el ecuador de la fase \u00c9lite de la Divisi\u00f3n de Honor B del rugby nacional, el Huesitos-La Vila sigue avanzando con paso firme en su camino hacia la disputa de la fase de ascenso, esa a la que s\u00f3lo clasificar\u00e1n los cuatro mejores del grupo \u00fanico de esta fase competitiva y entre los que, tras la victoria conseguida este domingo ante el Universitario Bilbao por 12-38, sigue estando el XV chocolatero.<\/p>   <p>Con un partido menos que Getxo y Liceo Franc\u00e9s, tercero y l\u00edder, respectivamente, el Huesitos-La Vila supo defender su cuarto lugar en la tabla en la visita al campo del Polideportivo Errekalde de la capital vizca\u00edna y se mantiene a s\u00f3lo tres puntos del Industriales Las Rozas, segundo clasificado y primero de los \u2018mortales\u2019 por detr\u00e1s de un Liceo Franc\u00e9s madrile\u00f1o que, por ahora, sigue contando todos sus enfrentamientos por victoria.<\/p>   <p>As\u00ed las cosas, el pr\u00f3ximo compromiso de los vileros ser\u00e1 el domingo, 3 de marzo (12:00 horas) en el Estadio del Pantano recibiendo al M\u00e1laga, un equipo que viene atravesando una mala racha de resultados en esta Fase \u00c9lite en la que s\u00f3lo ha conseguido una victoria por tres derrotas, por lo que, a priori, parece que los de Hern\u00e1n Quirelli deben de partir como favoritos en la jornada previa a visitar al Industriales Las Rozas en un choque que podr\u00eda clarificar mucho las cosas de cara a la clasificaci\u00f3n para esa fase final por el ascenso.<\/p> ","protected":false},"excerpt":{"rendered":"<p>Los de Hern\u00e1n Quirelli recibir\u00e1n el domingo al M\u00e1laga en un partido en el que parten como favoritos<\/p>\n","protected":false},"author":0,"featured_media":2695,"comment_status":"open","ping_status":"open","sticky":false,"template":"","format":"standard","meta":{"_acf_changed":false,"footnotes":""},"categories":[16],"tags":[],"class_list":["post-2694","post","type-post","status-publish","format-standard","has-post-thumbnail","hentry","category-deportes"],"acf":{"ser_id":"XZ2YD7LYWJDEBCOQQJAAKJ463U","ser_url":"https:\/\/cadenaser.com\/comunitat-valenciana\/2024\/02\/25\/el-huesitos-la-vila-gana-en-bilbao-y-sigue-aspirando-al-ascenso-radio-benidorm\/"},"_links":{"self":[{"href":"https:\/\/serbenidorm.daliisolutions.com\/index.php\/wp-json\/wp\/v2\/posts\/2694","targetHints":{"allow":["GET"]}}],"collection":[{"href":"https:\/\/serbenidorm.daliisolutions.com\/index.php\/wp-json\/wp\/v2\/posts"}],"about":[{"href":"https:\/\/serbenidorm.daliisolutions.com\/index.php\/wp-json\/wp\/v2\/types\/post"}],"replies":[{"embeddable":true,"href":"https:\/\/serbenidorm.daliisolutions.com\/index.php\/wp-json\/wp\/v2\/comments?post=2694"}],"version-history":[{"count":0,"href":"https:\/\/serbenidorm.daliisolutions.com\/index.php\/wp-json\/wp\/v2\/posts\/2694\/revisions"}],"wp:featuredmedia":[{"embeddable":true,"href":"https:\/\/serbenidorm.daliisolutions.com\/index.php\/wp-json\/wp\/v2\/media\/2695"}],"wp:attachment":[{"href":"https:\/\/serbenidorm.daliisolutions.com\/index.php\/wp-json\/wp\/v2\/media?parent=2694"}],"wp:term":[{"taxonomy":"category","embeddable":true,"href":"https:\/\/serbenidorm.daliisolutions.com\/index.php\/wp-json\/wp\/v2\/categories?post=2694"},{"taxonomy":"post_tag","embeddable":true,"href":"https:\/\/serbenidorm.daliisolutions.com\/index.php\/wp-json\/wp\/v2\/tags?post=2694"}],"curies":[{"name":"wp","href":"https:\/\/api.w.org\/{rel}","templated":true}]}}