{"id":2700,"date":"2024-02-26T09:58:28","date_gmt":"2024-02-26T08:58:28","guid":{"rendered":"https:\/\/serbenidorm.daliisolutions.com\/index.php\/2024\/02\/26\/el-tm-benidorm-se-congela-en-huesca\/"},"modified":"2024-02-26T09:58:28","modified_gmt":"2024-02-26T08:58:28","slug":"el-tm-benidorm-se-congela-en-huesca","status":"publish","type":"post","link":"https:\/\/serbenidorm.daliisolutions.com\/index.php\/2024\/02\/26\/el-tm-benidorm-se-congela-en-huesca\/","title":{"rendered":"El TM Benidorm se congela en Huesca"},"content":{"rendered":"  <p>Benidorm<\/p>   <p>El <a href=\"https:\/\/cadenaser.com\/tag\/club_balonmano_benidorm\/a\/\">TM Benidorm<\/a> se dej\u00f3 los dos puntos en su visita a la cancha del Huesca tras caer derrotado por un contundente 37-30 en un choque que se mantuvo relativamente igualado, con peque\u00f1as ventajas para unos y otros, hasta los \u00faltimos quince minutos, cuando los del Palau d\u2019Esports se congelaron y dieron v\u00eda libre para la victoria local.<\/p>   <p>De hecho, durante la primera mitad fue el <a href=\"https:\/\/cadenaser.com\/tag\/club_balonmano_benidorm\/a\/\">TM Benidorm<\/a> el que parec\u00eda tener el partido m\u00e1s o menos controlado, llegando incluso a endosar un parcial de 4-0 que colocaba a los de Sergio Carballeira con una renta de tres tantos (8-11) transcurrido el primer cuarto de hora.<\/p>  <p><p>M\u00e1s informaci\u00f3n<\/p><figure><img decoding=\"async\" src=\"https:\/\/cadenaser.com\/resizer\/tqoV24rtkk3_Y16KXkJqwSc9VAc=\/650x366\/filters:quality(70)\/cloudfront-eu-central-1.images.arcpublishing.com\/prisaradio\/6SSS3K4UNBGLLLBHUKUPS74RUQ.JPG\" loading=\"lazy\" width=\"828\" height=\"621\" \/><\/figure><ul><li><a href=\"https:\/\/cadenaser.com\/comunitat-valenciana\/2023\/09\/05\/todos-los-partidos-los-horarios-y-los-resultados-del-tm-benidorm-2023-2024-radio-benidorm\/\">Todos los partidos, los horarios y los resultados del TM Benidorm 2023-2024<\/a><\/li><\/ul><\/p>   <p>Esa ventaja, que ni mucho menos pod\u00eda todav\u00eda llevar la tranquilidad a las filas visitantes, reflejaba lo que se estaba viendo en el 40&#215;20, que no era otra cosa que un TM Benidorm m\u00e1s efectivo que un Huesca que, eso s\u00ed, no dej\u00f3 nunca de creer en sus opciones.<\/p>   <p>Tanto es as\u00ed que al descanso se lleg\u00f3 con una ventaja visitante de s\u00f3lo un tanto (17-18) que se terminar\u00eda de esfumar en el arranque de la segunda mitad, cuando el Huesca le dio la vuelta por completo al partido y acab\u00f3 sometiendo a su rival.<\/p>   <p>El choque se mantuvo emocionante y abierto hasta la marca del minuto 45 de partido (27-24). Fue entonces cuando el TM Benidorm se contagi\u00f3 de la fr\u00eda temperatura de la ciudad aragonesa y se congel\u00f3 sobre la pista para acabar cediendo el partido por ese resultado final de 37-30 que hace caer a los de Sergio Carballeira hasta la 12\u00aa posici\u00f3n de la clasificaci\u00f3n con los mismos 18 puntos que su rival, que escala hasta la novena plaza, Anaitasuna y Nava; a un punto del pelot\u00f3n formado por Torrelavega, Valladolid y Puente Genil y a s\u00f3lo dos de <a href=\"https:\/\/cadenaser.com\/comunitat-valenciana\/2024\/02\/12\/el-tm-benidorm-se-deja-los-dos-puntos-en-un-mal-partido-en-leon-radio-benidorm\/\">su verdugo de hace dos semanas, el Ademar de Le\u00f3n<\/a>, que es quinto; demostrando as\u00ed la igualdad que sigue dominando en una <a href=\"https:\/\/cadenaser.com\/tag\/liga_asobal\/a\/\">Liga Asobal<\/a> que ya entra en su recta final.<\/p> ","protected":false},"excerpt":{"rendered":"<p>Los del Palau d\u2019Esports sufrieron una dura derrota tras una mala segunda mitad<\/p>\n","protected":false},"author":0,"featured_media":2701,"comment_status":"open","ping_status":"open","sticky":false,"template":"","format":"standard","meta":{"_acf_changed":false,"footnotes":""},"categories":[16],"tags":[],"class_list":["post-2700","post","type-post","status-publish","format-standard","has-post-thumbnail","hentry","category-deportes"],"acf":{"ser_id":"WX7EPKCIEBAX7HPJ2YILZ5OYYE","ser_url":"https:\/\/cadenaser.com\/comunitat-valenciana\/2024\/02\/25\/el-tm-benidorm-se-congela-en-huesca-radio-benidorm\/"},"_links":{"self":[{"href":"https:\/\/serbenidorm.daliisolutions.com\/index.php\/wp-json\/wp\/v2\/posts\/2700","targetHints":{"allow":["GET"]}}],"collection":[{"href":"https:\/\/serbenidorm.daliisolutions.com\/index.php\/wp-json\/wp\/v2\/posts"}],"about":[{"href":"https:\/\/serbenidorm.daliisolutions.com\/index.php\/wp-json\/wp\/v2\/types\/post"}],"replies":[{"embeddable":true,"href":"https:\/\/serbenidorm.daliisolutions.com\/index.php\/wp-json\/wp\/v2\/comments?post=2700"}],"version-history":[{"count":0,"href":"https:\/\/serbenidorm.daliisolutions.com\/index.php\/wp-json\/wp\/v2\/posts\/2700\/revisions"}],"wp:featuredmedia":[{"embeddable":true,"href":"https:\/\/serbenidorm.daliisolutions.com\/index.php\/wp-json\/wp\/v2\/media\/2701"}],"wp:attachment":[{"href":"https:\/\/serbenidorm.daliisolutions.com\/index.php\/wp-json\/wp\/v2\/media?parent=2700"}],"wp:term":[{"taxonomy":"category","embeddable":true,"href":"https:\/\/serbenidorm.daliisolutions.com\/index.php\/wp-json\/wp\/v2\/categories?post=2700"},{"taxonomy":"post_tag","embeddable":true,"href":"https:\/\/serbenidorm.daliisolutions.com\/index.php\/wp-json\/wp\/v2\/tags?post=2700"}],"curies":[{"name":"wp","href":"https:\/\/api.w.org\/{rel}","templated":true}]}}