{"id":2708,"date":"2024-02-26T19:41:29","date_gmt":"2024-02-26T18:41:29","guid":{"rendered":"https:\/\/serbenidorm.daliisolutions.com\/index.php\/2024\/02\/26\/la-policia-nacional-premio-especial-radio-benidorm\/"},"modified":"2024-02-26T19:41:29","modified_gmt":"2024-02-26T18:41:29","slug":"la-policia-nacional-premio-especial-radio-benidorm","status":"publish","type":"post","link":"https:\/\/serbenidorm.daliisolutions.com\/index.php\/2024\/02\/26\/la-policia-nacional-premio-especial-radio-benidorm\/","title":{"rendered":"La Polic\u00eda Nacional, Premio Especial Radio Benidorm"},"content":{"rendered":"  <p>Benidorm<\/p>   <p>La Polic\u00eda Nacional recibe este a\u00f1o el <a href=\"https:\/\/cadenaser.com\/comunitat-valenciana\/2024\/02\/14\/conoce-a-los-ganadores-de-la-ii-edicion-de-los-premios-radio-benidorm-radio-benidorm\/\" target=\"_blank\" rel=\"noopener\">Premio Especial Radio Benidorm<\/a> por el 200 aniversario de la fundaci\u00f3n del cuerpo. Por sus dos siglos de historia y por su contribuci\u00f3n a la protecci\u00f3n de Benidorm. Es el cuerpo estatal m\u00e1s antiguo de todas las Fuerzas y Cuerpos de Seguridad de Espa\u00f1a.<\/p>   <p>Su representante en Benidorm, el comisario jefe de la Polic\u00eda Nacional, Ceferino Serrano, nos ha acompa\u00f1ado en <a href=\"\/\/radiobenidorm.es\" rel=\"nofollow noopener\" target=\"_blank\">Hoy por Hoy Benidorm<\/a> para contarnos c\u00f3mo es el d\u00eda a d\u00eda del cuerpo en la ciudad y la labor que hacen sus agentes.<\/p>   <p>Destaca la cercan\u00eda como uno de los emblemas de la Polic\u00eda Nacional. \u201cEstamos todos los d\u00edas del a\u00f1o, a todas horas, junto al ciudadano. Una de las intervenciones m\u00e1s importantes que hacemos son las labores humanitarias porque tenemos en Benidorm mucho turismo mayor que precisa de llamadas al 091 y nuestra asistencia\u201d, explica Serrano.<\/p>   <p>En cuanto a la percepci\u00f3n de la seguridad en la ciudad el comisario manifiesta que \u201cBenidorm es una ciudad muy segura, pero no lo digo yo, lo dice Visit Benidorm y los turistas que nos visitan\u201d. De hecho, asegura que <a href=\"https:\/\/cadenaser.com\/comunitat-valenciana\/2024\/01\/08\/oleada-de-robos-en-benidorm-detenidos-dos-jovenes-sospechosos-de-medio-centenar-de-hurtos-en-el-rincon-de-loix-radio-benidorm\/\" target=\"_blank\" rel=\"noopener\">son los peque\u00f1os hurtos y hechos delictivos de poco calado las intervenciones m\u00e1s frecuentes de la Polic\u00eda.<\/a> \u201cNo tenemos grandes mafias ni organizaciones criminales. Nuestro d\u00eda a d\u00eda se basa en la asistencia al ciudadano y<a href=\"https:\/\/cadenaser.com\/comunitat-valenciana\/2024\/01\/26\/tres-detenidos-en-benidorm-por-robar-en-domicilios-la-marina-baixa-y-alta-radio-benidorm\/\" target=\"_blank\" rel=\"noopener\"> la resoluci\u00f3n de peque\u00f1os hurtos\u201d, <\/a>a\u00f1ade.<\/p>   <p>En cualquier caso el cuerpo sigue form\u00e1ndose para atender a las nuevas tipolog\u00edas delictivas surgidas con el auge de las nuevas tecnolog\u00edas pero sin dejar de luchar a pie de calle con problemas cotidianos como, por ejemplo, los trileros. \u201cLos nuevos tipos delictivos nos obligan a ampliar y mejorar nuestra formaci\u00f3n para estar en la vanguardia de estas tipolog\u00edas, pero seguimos trabajando en erradicar esos peque\u00f1os delitos, que no dejan de ser infracciones administrativas y que, como en el trile, se siguen basando en la picaresca del que lleva a cabo el juego y en la avaricia del ciudadano que piensa que va a ganar dinero f\u00e1cil, explica Ceferino Serrano al tiempo que recuerda que el trile \u201cno es un juego, es una estafa\u201d.<\/p>   <p>De la Polic\u00eda Nacional de Benidorm su comisario destaca, sobre todo, \u201cla calidad humana y profesional de los hombres y mujeres que conforman la plantilla. Son lo mejor que hay porque saben trabajar con personas mayores, con turistas de otras<\/p>   <p>nacionalidades y otros perfiles. Es una plantilla espectacular y eso es un lujo\u201d, enfatiza.<\/p> ","protected":false},"excerpt":{"rendered":"<p>El comisario de la Polic\u00eda Nacional de Benidorm, Ceferino Serrano, recoger\u00e1 el premio por los 200 a\u00f1os de historia del cuerpo<\/p>\n","protected":false},"author":0,"featured_media":2709,"comment_status":"open","ping_status":"open","sticky":false,"template":"","format":"standard","meta":{"_acf_changed":false,"footnotes":""},"categories":[1],"tags":[],"class_list":["post-2708","post","type-post","status-publish","format-standard","has-post-thumbnail","hentry","category-sin-categoria"],"acf":{"ser_id":"4R6RGIXFGJDT7EYX5PQ5AKNSTA","ser_url":"https:\/\/cadenaser.com\/comunitat-valenciana\/2024\/02\/26\/la-policia-nacional-premio-especial-radio-benidorm-radio-benidorm\/"},"_links":{"self":[{"href":"https:\/\/serbenidorm.daliisolutions.com\/index.php\/wp-json\/wp\/v2\/posts\/2708","targetHints":{"allow":["GET"]}}],"collection":[{"href":"https:\/\/serbenidorm.daliisolutions.com\/index.php\/wp-json\/wp\/v2\/posts"}],"about":[{"href":"https:\/\/serbenidorm.daliisolutions.com\/index.php\/wp-json\/wp\/v2\/types\/post"}],"replies":[{"embeddable":true,"href":"https:\/\/serbenidorm.daliisolutions.com\/index.php\/wp-json\/wp\/v2\/comments?post=2708"}],"version-history":[{"count":0,"href":"https:\/\/serbenidorm.daliisolutions.com\/index.php\/wp-json\/wp\/v2\/posts\/2708\/revisions"}],"wp:featuredmedia":[{"embeddable":true,"href":"https:\/\/serbenidorm.daliisolutions.com\/index.php\/wp-json\/wp\/v2\/media\/2709"}],"wp:attachment":[{"href":"https:\/\/serbenidorm.daliisolutions.com\/index.php\/wp-json\/wp\/v2\/media?parent=2708"}],"wp:term":[{"taxonomy":"category","embeddable":true,"href":"https:\/\/serbenidorm.daliisolutions.com\/index.php\/wp-json\/wp\/v2\/categories?post=2708"},{"taxonomy":"post_tag","embeddable":true,"href":"https:\/\/serbenidorm.daliisolutions.com\/index.php\/wp-json\/wp\/v2\/tags?post=2708"}],"curies":[{"name":"wp","href":"https:\/\/api.w.org\/{rel}","templated":true}]}}