{"id":2710,"date":"2024-02-26T19:41:32","date_gmt":"2024-02-26T18:41:32","guid":{"rendered":"https:\/\/serbenidorm.daliisolutions.com\/index.php\/2024\/02\/26\/los-pescadores-de-la-vila-joiosa-en-huelga-y-protestando-junto-a-los-agricultores-en-madrid\/"},"modified":"2024-02-26T19:41:32","modified_gmt":"2024-02-26T18:41:32","slug":"los-pescadores-de-la-vila-joiosa-en-huelga-y-protestando-junto-a-los-agricultores-en-madrid","status":"publish","type":"post","link":"https:\/\/serbenidorm.daliisolutions.com\/index.php\/2024\/02\/26\/los-pescadores-de-la-vila-joiosa-en-huelga-y-protestando-junto-a-los-agricultores-en-madrid\/","title":{"rendered":"Los pescadores de La Vila Joiosa en huelga y protestando junto a los agricultores en Madrid"},"content":{"rendered":"  <p>La Vila Joiosa &#8211; Madrid<\/p>   <p>Un mes despu\u00e9s de que la Comisi\u00f3n Europea publicara el borrador en el que se confirmase el recorte de d\u00edas laborales para los buques de arrastre del Mediterr\u00e1neo en un 40 % este 2024, el sector pesquero ha decidido unirse al movimiento de protesta iniciado por los agricultores.<\/p>   <p><a href=\"https:\/\/cadenaser.com\/tag\/vila_joiosa\/a\/\" target=\"_blank\" rel=\"noopener\">La Cofrad\u00eda de Pescadores de La Vila Joiosa, junto con otras del litoral mediterr\u00e1neo, ha participado este lunes en la manifestaci\u00f3n del sector primario con una pancarta que reza: \u00abPor el futuro de la pesca, la acuicultura, las pescader\u00edas y la salud de los consumidores en Espa\u00f1a\u00bb<\/a>.<\/p>   <p>Entre las peticiones de los pescadores est\u00e1 \u00abque se reconozcan los sacrificios realizados en los \u00faltimos a\u00f1os por los pescadores, gracias a los cuales se ha podido lograr que la mayor\u00eda de las poblaciones de peces se exploten de forma sostenible desde el punto de vista biol\u00f3gico; que la UE cambie el rumbo de sus pol\u00edticas, en particular de la Pol\u00edtica Pesquera Com\u00fan (PPC) y de la pol\u00edtica medioambiental; y que los productos procedentes de las importaciones cumplan con los mismos requisitos que los productos de la UE\u00bb.<\/p>  <p><p>M\u00e1s informaci\u00f3n<\/p><figure><img decoding=\"async\" src=\"https:\/\/cadenaser.com\/resizer\/OXc684tyrM3A5IZg2GHY2kzuo5g=\/650x366\/filters:quality(70)\/cloudfront-eu-central-1.images.arcpublishing.com\/prisaradio\/AX3FCL2NUJGDJL5KQ4P3QWNSTI.jpeg\" loading=\"lazy\" width=\"828\" height=\"621\" \/><\/figure><ul><li><a href=\"https:\/\/cadenaser.com\/comunitat-valenciana\/2024\/02\/08\/los-pescadores-de-la-vila-joiosa-estudian-movilizaciones-junto-al-resto-del-sector-para-protestar-por-su-situacion-radio-benidorm\/\">Los pescadores de La Vila Joiosa acusan el par\u00f3n biol\u00f3gico impuesto por la Uni\u00f3n Europea <\/a><\/li><\/ul><\/p>   <p>A la marcha entre el Ministerio de Agricultura y Pesca y la sede de la Uni\u00f3n Europea en la capital no solo han acudido representantes y trabajadores del sector de la Comunitat Valenciana, si no tambi\u00e9n de Catalu\u00f1a y Andaluc\u00eda.<\/p>   <p>En concreto, <a href=\"https:\/\/cadenaser.com\/tag\/comarca_la_marina_baixa\/a\/\" target=\"_blank\" rel=\"noopener\">desde La Vila Joiosa se ha organizado un autob\u00fas con capacidad para sesenta personas en el que tambi\u00e9n se han embarcado pescadores Calpe y que ha iniciado su recorrido desde la Marina Baixa de madrugada<\/a>.<\/p> ","protected":false},"excerpt":{"rendered":"<p>Huelga del sector en La Vila, Calpe y Altea, cuyas embarcaciones permanecer\u00e1n amarradas a puerto durante toda la jornada<\/p>\n","protected":false},"author":0,"featured_media":2711,"comment_status":"open","ping_status":"open","sticky":false,"template":"","format":"standard","meta":{"_acf_changed":false,"footnotes":""},"categories":[1],"tags":[],"class_list":["post-2710","post","type-post","status-publish","format-standard","has-post-thumbnail","hentry","category-sin-categoria"],"acf":{"ser_id":"KUBVBJZ2BBHUTLIWOZYOYL7MMY","ser_url":"https:\/\/cadenaser.com\/comunitat-valenciana\/2024\/02\/26\/los-pescadores-de-la-vila-joiosa-se-unen-a-las-protestas-de-los-agricultores-en-madrid-radio-benidorm\/"},"_links":{"self":[{"href":"https:\/\/serbenidorm.daliisolutions.com\/index.php\/wp-json\/wp\/v2\/posts\/2710","targetHints":{"allow":["GET"]}}],"collection":[{"href":"https:\/\/serbenidorm.daliisolutions.com\/index.php\/wp-json\/wp\/v2\/posts"}],"about":[{"href":"https:\/\/serbenidorm.daliisolutions.com\/index.php\/wp-json\/wp\/v2\/types\/post"}],"replies":[{"embeddable":true,"href":"https:\/\/serbenidorm.daliisolutions.com\/index.php\/wp-json\/wp\/v2\/comments?post=2710"}],"version-history":[{"count":0,"href":"https:\/\/serbenidorm.daliisolutions.com\/index.php\/wp-json\/wp\/v2\/posts\/2710\/revisions"}],"wp:featuredmedia":[{"embeddable":true,"href":"https:\/\/serbenidorm.daliisolutions.com\/index.php\/wp-json\/wp\/v2\/media\/2711"}],"wp:attachment":[{"href":"https:\/\/serbenidorm.daliisolutions.com\/index.php\/wp-json\/wp\/v2\/media?parent=2710"}],"wp:term":[{"taxonomy":"category","embeddable":true,"href":"https:\/\/serbenidorm.daliisolutions.com\/index.php\/wp-json\/wp\/v2\/categories?post=2710"},{"taxonomy":"post_tag","embeddable":true,"href":"https:\/\/serbenidorm.daliisolutions.com\/index.php\/wp-json\/wp\/v2\/tags?post=2710"}],"curies":[{"name":"wp","href":"https:\/\/api.w.org\/{rel}","templated":true}]}}