{"id":2742,"date":"2024-02-27T12:03:04","date_gmt":"2024-02-27T11:03:04","guid":{"rendered":"https:\/\/serbenidorm.daliisolutions.com\/index.php\/2024\/02\/27\/felipe-orts-presenta-este-viernes-su-calendario-de-btt-y-gravel-en-la-playa-centro-de-la-vila\/"},"modified":"2024-02-27T12:03:04","modified_gmt":"2024-02-27T11:03:04","slug":"felipe-orts-presenta-este-viernes-su-calendario-de-btt-y-gravel-en-la-playa-centro-de-la-vila","status":"publish","type":"post","link":"https:\/\/serbenidorm.daliisolutions.com\/index.php\/2024\/02\/27\/felipe-orts-presenta-este-viernes-su-calendario-de-btt-y-gravel-en-la-playa-centro-de-la-vila\/","title":{"rendered":"Felipe Orts presenta este viernes su calendario de BTT y gravel en la playa Centro de La Vila"},"content":{"rendered":"  <p>Benidorm<\/p>   <p>Menos de tres semanas despu\u00e9s de dar por cerrada la que ha sido la mejor <a href=\"https:\/\/cadenaser.com\/tag\/ciclocross\/a\/\" target=\"_blank\" rel=\"noopener\">temporada de ciclocross<\/a> de su carrera deportiva, <a href=\"https:\/\/cadenaser.com\/tag\/felipe_orts_lloret\/a\/\" target=\"_blank\" rel=\"noopener\">Felipe Orts<\/a> iniciar\u00e1 este viernes una nueva etapa en su vida ciclista con la presentaci\u00f3n del que ser\u00e1 su primer calendario plenamente dedicado a la bicicleta de monta\u00f1a y al gravel una vez que ha tomado la decisi\u00f3n de dejar de lado la carretera.<\/p>  <p><p>M\u00e1s informaci\u00f3n<\/p><figure><img decoding=\"async\" src=\"https:\/\/cadenaser.com\/resizer\/M9Sjv3tDri7Ia82ITrBPWw1Xfdo=\/650x366\/filters:quality(70)\/cloudfront-eu-central-1.images.arcpublishing.com\/prisaradio\/CQ4AOQ5TPRGHVCA222CUK33HVE.jpg\" loading=\"lazy\" width=\"828\" height=\"621\" \/><\/figure><ul><li><a href=\"https:\/\/cadenaser.com\/tag\/felipe_orts_lloret\/a\/\">M\u00e1s noticias de Felipe Orts<\/a><\/li><\/ul><\/p>   <p>Despu\u00e9s de poner en marcha su propio equipo, el Forts Team, el pasado d\u00eda 1 de enero, Felipe Orts ha disputado ya once carreras internacionales de la especialidad invernal enfundado en el maillot de La Vila Joiosa-N\u00e9teo (m\u00e1s el Mundial en el que defendi\u00f3 los colores de la selecci\u00f3n espa\u00f1ola). Tras abandonar la disciplina del Burgos-BH, con el que corri\u00f3 durante tres temporadas, Orts se lanz\u00f3 a este proyecto personal para poder afrontar, adem\u00e1s de los inviernos \u2018crossistas\u2019, las campa\u00f1as de BTT y gravel y aspirar as\u00ed a <a href=\"https:\/\/cadenaser.com\/comunitat-valenciana\/2023\/10\/04\/felipe-orts-tiene-un-sueno-olimpico-y-se-embarca-en-la-mayor-aventura-de-su-carrera-radio-benidorm\/\" target=\"_blank\" rel=\"noopener\">representar a Espa\u00f1a en los Juegos Ol\u00edmpicos de Los \u00c1ngeles 2028<\/a>.<\/p>  <p><p>M\u00e1s informaci\u00f3n<\/p><figure><img decoding=\"async\" src=\"https:\/\/cadenaser.com\/resizer\/W87o3KB7-M7yzQc3u1DApDGwmG0=\/650x366\/filters:quality(70)\/cloudfront-eu-central-1.images.arcpublishing.com\/prisaradio\/WG2LL5RK6VGS7OIT5VRRGATZEY.jpg\" loading=\"lazy\" width=\"828\" height=\"621\" \/><\/figure><ul><li><a href=\"https:\/\/cadenaser.com\/comunitat-valenciana\/2023\/10\/04\/felipe-orts-tiene-un-sueno-olimpico-y-se-embarca-en-la-mayor-aventura-de-su-carrera-radio-benidorm\/\">Felipe Orts tiene un sue\u00f1o ol\u00edmpico y se embarca en la mayor aventura de su carrera<\/a><\/li><\/ul><\/p>   <p>Pero antes de esa cita americana, Orts deber\u00e1 hacerse un hueco en una especialidad, la bici de monta\u00f1a, en la que ha hecho alguna incursi\u00f3n espor\u00e1dica, pero que ahora ser\u00e1 parte central de sus campa\u00f1as ciclistas junto al gravel, una modalidad al alza que cada vez tiene m\u00e1s proyecci\u00f3n medi\u00e1tica.<\/p>   <p>Con motivo de este reinicio de la competici\u00f3n para el ciclista vilero, que se sustanciar\u00e1 en una primera prueba el d\u00eda 9 de marzo en Valladolid, <a href=\"https:\/\/cadenaser.com\/comunitat-valenciana\/2023\/12\/21\/la-vila-joiosa-sera-el-principal-patrocinador-de-felipe-orts-radio-benidorm\/\" target=\"_blank\" rel=\"noopener\">el equipo La Vila Joiosa-Neteo<\/a> organizar\u00e1 una presentaci\u00f3n oficial de la temporada en la que, adem\u00e1s, servir\u00e1 para realizar balance de la exitosa temporada de ciclocross, en la que <a href=\"https:\/\/cadenaser.com\/comunitat-valenciana\/2024\/01\/15\/felipe-sexto-de-espana-radio-benidorm\/\" target=\"_blank\" rel=\"noopener\">Felipe Orts se ha proclamado Campe\u00f3n de Espa\u00f1a por sexta vez consecutiva<\/a>, se ha impuesto en el r\u00e1nking RFEC, ha logrado <a href=\"https:\/\/cadenaser.com\/comunitat-valenciana\/2023\/10\/29\/felipe-orts-hace-historia-y-consigue-el-primer-top5-de-un-espanol-en-la-copa-del-mundo-de-ciclocross-radio-benidorm\/\" target=\"_blank\" rel=\"noopener\">su mejor resultado en el Campeonato del Mundo<\/a> y concluye la campa\u00f1a entre dentro del top-10 en la clasificaci\u00f3n UCI.<\/p>   <p>Ese acto arrancar\u00e1 a las 17:00 horas en el paseo de la <a href=\"https:\/\/cadenaser.com\/tag\/vila_joiosa\/a\/\" target=\"_blank\" rel=\"noopener\">playa Centro de La Vila Joiosa<\/a> y contar\u00e1 con la exposici\u00f3n de las bicicletas de Felipe Orts, as\u00ed como de su caravana y carpa con las que participa en cada competici\u00f3n deportiva. Durante el evento, el ciclista vilero firmar\u00e1 aut\u00f3grafos a los aficionados y ofrecer\u00e1 una chocolatada a los asistentes.<\/p> ","protected":false},"excerpt":{"rendered":"<p>Durante el evento, el ciclista vilero firmar\u00e1 aut\u00f3grafos a los aficionados y ofrecer\u00e1 una chocolatada a los asistentes<\/p>\n","protected":false},"author":0,"featured_media":2743,"comment_status":"open","ping_status":"open","sticky":false,"template":"","format":"standard","meta":{"_acf_changed":false,"footnotes":""},"categories":[16],"tags":[],"class_list":["post-2742","post","type-post","status-publish","format-standard","has-post-thumbnail","hentry","category-deportes"],"acf":{"ser_id":"LATKGN63IBCWTFWK64UJ22XA6E","ser_url":"https:\/\/cadenaser.com\/comunitat-valenciana\/2024\/02\/27\/felipe-orts-presenta-este-viernes-su-calendario-de-btt-y-gravel-en-la-playa-centro-de-la-vila-radio-benidorm\/"},"_links":{"self":[{"href":"https:\/\/serbenidorm.daliisolutions.com\/index.php\/wp-json\/wp\/v2\/posts\/2742","targetHints":{"allow":["GET"]}}],"collection":[{"href":"https:\/\/serbenidorm.daliisolutions.com\/index.php\/wp-json\/wp\/v2\/posts"}],"about":[{"href":"https:\/\/serbenidorm.daliisolutions.com\/index.php\/wp-json\/wp\/v2\/types\/post"}],"replies":[{"embeddable":true,"href":"https:\/\/serbenidorm.daliisolutions.com\/index.php\/wp-json\/wp\/v2\/comments?post=2742"}],"version-history":[{"count":0,"href":"https:\/\/serbenidorm.daliisolutions.com\/index.php\/wp-json\/wp\/v2\/posts\/2742\/revisions"}],"wp:featuredmedia":[{"embeddable":true,"href":"https:\/\/serbenidorm.daliisolutions.com\/index.php\/wp-json\/wp\/v2\/media\/2743"}],"wp:attachment":[{"href":"https:\/\/serbenidorm.daliisolutions.com\/index.php\/wp-json\/wp\/v2\/media?parent=2742"}],"wp:term":[{"taxonomy":"category","embeddable":true,"href":"https:\/\/serbenidorm.daliisolutions.com\/index.php\/wp-json\/wp\/v2\/categories?post=2742"},{"taxonomy":"post_tag","embeddable":true,"href":"https:\/\/serbenidorm.daliisolutions.com\/index.php\/wp-json\/wp\/v2\/tags?post=2742"}],"curies":[{"name":"wp","href":"https:\/\/api.w.org\/{rel}","templated":true}]}}