{"id":2748,"date":"2024-02-27T13:58:20","date_gmt":"2024-02-27T12:58:20","guid":{"rendered":"https:\/\/serbenidorm.daliisolutions.com\/index.php\/2024\/02\/27\/el-partido-aplazado-entre-el-benidorm-y-el-santa-pola-se-jugara-el-dia-14-de-marzo\/"},"modified":"2024-02-27T13:58:20","modified_gmt":"2024-02-27T12:58:20","slug":"el-partido-aplazado-entre-el-benidorm-y-el-santa-pola-se-jugara-el-dia-14-de-marzo","status":"publish","type":"post","link":"https:\/\/serbenidorm.daliisolutions.com\/index.php\/2024\/02\/27\/el-partido-aplazado-entre-el-benidorm-y-el-santa-pola-se-jugara-el-dia-14-de-marzo\/","title":{"rendered":"El partido aplazado entre el Benidorm y el Santa Pola se jugar\u00e1 el d\u00eda 14 de marzo"},"content":{"rendered":"  <p>Benidorm<\/p>   <p>La Federaci\u00f3n de F\u00fatbol de la Comunitat Valenciana (FFCV) ha confirmado que el partido que deb\u00edan de haber disputado el <a href=\"https:\/\/cadenaser.com\/tag\/club_futbol_benidorm\/a\/\" target=\"_blank\" rel=\"noopener\">C.F. Benidorm<\/a> y el Santa Pola el pasado domingo en el estadio Guillermo Amor con motivo de las 20\u00aa jornada de la Lliga Comunitat se celebrar\u00e1 finalmente el pr\u00f3ximo jueves, 14 de marzo, a las 20:30 horas en ese mismo escenario.<\/p>   <p>Este aplazamiento se ha producido despu\u00e9s de que la propia FFCV tomara la decisi\u00f3n de cancelar las competiciones previstas para el pasado fin de semana en se\u00f1al de duelo y respeto por las v\u00edctimas del incendio que el viernes se desat\u00f3 en un edificio del barrio de Nou Campanar de Val\u00e8ncia y que se cobr\u00f3 la vida de diez personas dejando, as\u00ed mismo, a decenas de familias sin hogar.<\/p>  <p><p>M\u00e1s informaci\u00f3n<\/p><figure><img decoding=\"async\" src=\"https:\/\/cadenaser.com\/resizer\/YaWod5bJwDnJkoAIw4H34wu5KvQ=\/650x366\/filters:quality(70)\/cloudfront-eu-central-1.images.arcpublishing.com\/prisaradio\/DD3KP2UOPBELRAQKJU7UD2XTCI.jpg\" loading=\"lazy\" width=\"828\" height=\"621\" \/><\/figure><ul><li><a href=\"https:\/\/cadenaser.com\/tag\/club_futbol_benidorm\/a\/\">Todas las noticias del C.F. Benidorm<\/a><\/li><\/ul><\/p>   <p>A d\u00eda de hoy, <a href=\"https:\/\/cadenaser.com\/comunitat-valenciana\/2024\/02\/18\/el-benidorm-es-mas-lider-tras-vencer-en-casa-al-olimpic-de-xativa-radio-benidorm\/\" target=\"_blank\" rel=\"noopener\">el C.F. Benidorm ocupa el liderato de la clasificaci\u00f3n del grupo sur de la Lliga Comunitat<\/a> con una c\u00f3moda ventaja de 12 puntos sobre el Eldense B, su m\u00e1s inmediato perseguidor. Si los de Miguel \u00c1ngel Mart\u00ednez son capaces de mantener esa primera posici\u00f3n hasta el final de la competici\u00f3n, el C.F. Benidorm ascender\u00e1 a la Tercera RFEF de manera directa, es decir, sin necesidad de disputar el play-off de ascenso que s\u00ed se ver\u00e1n obligados a afrontar el segundo y tercer clasificados del grupo.<\/p>   <p>Antes de todo eso, este mismo s\u00e1bado (18:00 horas), el C.F. Benidorm visitar\u00e1 el Camilo Cano para medirse, en un atractivo derbi comarcal, a La Nuc\u00eda B en un partido en el que los de la capital tur\u00edstica esperan contar con una buena legi\u00f3n de aficionados en las gradas del estadio nuciero.<\/p> ","protected":false},"excerpt":{"rendered":"<p>El choque, previsto para el pasado domingo, fue suspendido en se\u00f1al de luto por las v\u00edctimas del incendio del barrio de Campanar de Val\u00e8ncia<\/p>\n","protected":false},"author":0,"featured_media":2749,"comment_status":"open","ping_status":"open","sticky":false,"template":"","format":"standard","meta":{"_acf_changed":false,"footnotes":""},"categories":[16],"tags":[],"class_list":["post-2748","post","type-post","status-publish","format-standard","has-post-thumbnail","hentry","category-deportes"],"acf":{"ser_id":"GJ2JYKJ3HRADBLNAEPA35LHWAM","ser_url":"https:\/\/cadenaser.com\/comunitat-valenciana\/2024\/02\/27\/el-partido-aplazado-entre-el-benidorm-y-el-santa-pola-se-jugara-el-dia-14-de-marzo-radio-benidorm\/"},"_links":{"self":[{"href":"https:\/\/serbenidorm.daliisolutions.com\/index.php\/wp-json\/wp\/v2\/posts\/2748","targetHints":{"allow":["GET"]}}],"collection":[{"href":"https:\/\/serbenidorm.daliisolutions.com\/index.php\/wp-json\/wp\/v2\/posts"}],"about":[{"href":"https:\/\/serbenidorm.daliisolutions.com\/index.php\/wp-json\/wp\/v2\/types\/post"}],"replies":[{"embeddable":true,"href":"https:\/\/serbenidorm.daliisolutions.com\/index.php\/wp-json\/wp\/v2\/comments?post=2748"}],"version-history":[{"count":0,"href":"https:\/\/serbenidorm.daliisolutions.com\/index.php\/wp-json\/wp\/v2\/posts\/2748\/revisions"}],"wp:featuredmedia":[{"embeddable":true,"href":"https:\/\/serbenidorm.daliisolutions.com\/index.php\/wp-json\/wp\/v2\/media\/2749"}],"wp:attachment":[{"href":"https:\/\/serbenidorm.daliisolutions.com\/index.php\/wp-json\/wp\/v2\/media?parent=2748"}],"wp:term":[{"taxonomy":"category","embeddable":true,"href":"https:\/\/serbenidorm.daliisolutions.com\/index.php\/wp-json\/wp\/v2\/categories?post=2748"},{"taxonomy":"post_tag","embeddable":true,"href":"https:\/\/serbenidorm.daliisolutions.com\/index.php\/wp-json\/wp\/v2\/tags?post=2748"}],"curies":[{"name":"wp","href":"https:\/\/api.w.org\/{rel}","templated":true}]}}