{"id":2756,"date":"2024-02-27T17:05:03","date_gmt":"2024-02-27T16:05:03","guid":{"rendered":"https:\/\/serbenidorm.daliisolutions.com\/index.php\/2024\/02\/27\/el-pp-aprueba-en-solitario-el-primer-presupuesto-de-benidorm-en-dos-anos\/"},"modified":"2024-02-27T17:05:03","modified_gmt":"2024-02-27T16:05:03","slug":"el-pp-aprueba-en-solitario-el-primer-presupuesto-de-benidorm-en-dos-anos","status":"publish","type":"post","link":"https:\/\/serbenidorm.daliisolutions.com\/index.php\/2024\/02\/27\/el-pp-aprueba-en-solitario-el-primer-presupuesto-de-benidorm-en-dos-anos\/","title":{"rendered":"El PP aprueba en solitario el primer presupuesto de Benidorm en dos a\u00f1os"},"content":{"rendered":"  <p>Benidorm<\/p>   <p>El Ayuntamiento de Benidorm ha aprobado este martes en pleno el <a href=\"https:\/\/cadenaser.com\/tag\/benidorm\/a\/\" target=\"_blank\" rel=\"noopener\">presupuesto municipal para 2024 que equipara ingresos y gastos en 141,6 millones de euros, m\u00e1s de once millones respecto a las \u00faltimas cuentas, prorrogadas desde 2022<\/a>, y de los que 22 se dedicar\u00e1n a inversiones reales, ocho millones y medio menos.<\/p>   <p>En sesi\u00f3n ordinaria la propuesta del gobierno local ha salido adelante con la mayor\u00eda absoluta del Partido Popular. 16 votos a favor frente a los nueve en contra de los concejales del Grupo Municipal Socialista y VOX.<\/p>   <p>La edil de Hacienda, A\u00edda Garc\u00eda Mayor, ha defendido durante la sesi\u00f3n que esas inversiones \u201cestar\u00e1n dirigidas a acometer todos los proyectos afectados por subvenciones procedentes de fondos europeos, o de la ciudad, como es el Vial Discotecas y la rotonda del futuro pol\u00edgono industrial y comercial\u201d. En  este sentido ha enfatizado que este proyecto es \u201cprioritario\u201d y que acaparar\u00e1 8,9 millones que \u201cdeber\u00eda haber sufragado el Estado\u201d.<\/p>  <p><p class=\"tit\"><span>Aida G. Mayor, concejala de Hacienda de Benidorm, defiende el presupuesto municipal<\/span><\/p> <p class=\"emb\"><iframe loading=\"lazy\" src=\"https:\/\/cadenaser.com\/embed\/audio\/460\/1709044771289\/\" width=\"100%\" height=\"360\" frameborder=\"0\" allowfullscreen><\/iframe><\/p><\/p>   <p>Negociaciones fallidas con la oposici\u00f3n<\/p>   <p>El gobierno ha reprochado a la oposici\u00f3n, especialmente al PSOE, su voto contrario al documento presupuestario despu\u00e9s de haberse comprometido a suscribir un documento con los socialistas por el que incorporar\u00edan \u201chasta 10 de las 20 propuestas que nos presentaron\u201d. El Grupo Municipal Socialista, que lo consider\u00f3 \u201cuna burla\u201d, ha cargado con dureza contra las nuevas cuentas por la subidas de impuestos que recoge y el recorte en inversiones.<\/p>  <p><p class=\"tit\"><span>Antonio Charco (PSOE Benidorm) carga contra la subida de impuestos y el recorte de las inversiones en el presupuesto municipal<\/span><\/p> <p class=\"emb\"><iframe loading=\"lazy\" src=\"https:\/\/cadenaser.com\/embed\/audio\/460\/1709044837727\/\" width=\"100%\" height=\"360\" frameborder=\"0\" allowfullscreen><\/iframe><\/p><\/p>   <p>Tras la aprobaci\u00f3n inicial del presupuesto, el pleno ha aprobado una modificaci\u00f3n presupuestaria por valor de 6.405.846 euros que proceden de los planes de sostenibilidad tur\u00edstica, del saldo del ingreso de la Zona de Bajas Emisiones y del saldo de la financiaci\u00f3n afectada del Aula del Mar y que se destinar\u00e1n a remanente de Tesorer\u00eda para Gastos con Financiaci\u00f3n Afectada. En este caso la propuesta s\u00ed ha salido adelante por  unanimidad.<\/p>   <p>Otro consenso de PP y PSOE, aunque con la oposici\u00f3n de Vox, ha sido para la moci\u00f3n conjunta de conmemoraci\u00f3n del 8M, D\u00eda Internacional de la Mujer, o la celebraci\u00f3n del centenario del nacimiento del poeta Vicent Andr\u00e9s Estell\u00e9s.<\/p> ","protected":false},"excerpt":{"rendered":"<p>PSOE y Vox votan en contra y critican que solo tuvieron acceso a todos los documentos pocas horas antes<\/p>\n","protected":false},"author":0,"featured_media":2757,"comment_status":"open","ping_status":"open","sticky":false,"template":"","format":"standard","meta":{"_acf_changed":false,"footnotes":""},"categories":[1],"tags":[],"class_list":["post-2756","post","type-post","status-publish","format-standard","has-post-thumbnail","hentry","category-sin-categoria"],"acf":{"ser_id":"SWCAHOSUAFDVJNT7FS2OHU5ROU","ser_url":"https:\/\/cadenaser.com\/comunitat-valenciana\/2024\/02\/27\/el-pp-aprueba-en-solitario-el-primer-presupuesto-de-benidorm-en-dos-anos-radio-benidorm\/"},"_links":{"self":[{"href":"https:\/\/serbenidorm.daliisolutions.com\/index.php\/wp-json\/wp\/v2\/posts\/2756","targetHints":{"allow":["GET"]}}],"collection":[{"href":"https:\/\/serbenidorm.daliisolutions.com\/index.php\/wp-json\/wp\/v2\/posts"}],"about":[{"href":"https:\/\/serbenidorm.daliisolutions.com\/index.php\/wp-json\/wp\/v2\/types\/post"}],"replies":[{"embeddable":true,"href":"https:\/\/serbenidorm.daliisolutions.com\/index.php\/wp-json\/wp\/v2\/comments?post=2756"}],"version-history":[{"count":0,"href":"https:\/\/serbenidorm.daliisolutions.com\/index.php\/wp-json\/wp\/v2\/posts\/2756\/revisions"}],"wp:featuredmedia":[{"embeddable":true,"href":"https:\/\/serbenidorm.daliisolutions.com\/index.php\/wp-json\/wp\/v2\/media\/2757"}],"wp:attachment":[{"href":"https:\/\/serbenidorm.daliisolutions.com\/index.php\/wp-json\/wp\/v2\/media?parent=2756"}],"wp:term":[{"taxonomy":"category","embeddable":true,"href":"https:\/\/serbenidorm.daliisolutions.com\/index.php\/wp-json\/wp\/v2\/categories?post=2756"},{"taxonomy":"post_tag","embeddable":true,"href":"https:\/\/serbenidorm.daliisolutions.com\/index.php\/wp-json\/wp\/v2\/tags?post=2756"}],"curies":[{"name":"wp","href":"https:\/\/api.w.org\/{rel}","templated":true}]}}