{"id":2758,"date":"2024-02-27T17:05:03","date_gmt":"2024-02-27T16:05:03","guid":{"rendered":"https:\/\/serbenidorm.daliisolutions.com\/index.php\/2024\/02\/27\/grupo-ecologista-xoriguer-premio-radio-benidorm-al-medio-ambiente\/"},"modified":"2024-02-27T17:05:03","modified_gmt":"2024-02-27T16:05:03","slug":"grupo-ecologista-xoriguer-premio-radio-benidorm-al-medio-ambiente","status":"publish","type":"post","link":"https:\/\/serbenidorm.daliisolutions.com\/index.php\/2024\/02\/27\/grupo-ecologista-xoriguer-premio-radio-benidorm-al-medio-ambiente\/","title":{"rendered":"Grupo Ecologista Xoriguer, Premio Radio Benidorm al Medio Ambiente"},"content":{"rendered":"  <p>La Vila Joiosa<\/p>   <p>El Grupo Ecologista Xoriguer recibe este a\u00f1o el<a href=\"https:\/\/cadenaser.com\/comunitat-valenciana\/2024\/02\/14\/conoce-a-los-ganadores-de-la-ii-edicion-de-los-premios-radio-benidorm-radio-benidorm\/\" target=\"_blank\" rel=\"noopener\"> Premio Radio Benidorm al Medio Ambiente<\/a> por su car\u00e1cter combativo y reivindicativo del patrimonio natural y arb\u00f3reo de la Marina Baixa y por haber colaborado en iniciativas educativas de respeto al medio ambiente como la elaboraci\u00f3n de un cat\u00e1logo de especies aut\u00f3ctonas de La Vila Joiosa o la implantaci\u00f3n del D\u00eda de la Bici en esta localidad.<\/p>   <p>Jaume Vaello es uno de los socios fundadores de esta asociaci\u00f3n ecologista que naci\u00f3 en 1985 y de la que fue presidente durante muchos a\u00f1os y ahora ejerce de portavoz. Explica a <a href=\"\/\/radiobenidorm.es\" rel=\"nofollow noopener\" target=\"_blank\">Hoy por Hoy Benidorm<\/a> que aunque El Xoriguer naci\u00f3 en La Vila Joiosa ahora tiene \u00e1mbito comarcal para toda la Marina Baixa. \u201cTenemos una labor reivindicativa y combativa y seguimos en la brecha casi 40 a\u00f1os despu\u00e9s\u201d, se\u00f1ala.<\/p>   <p>El Xoriguer surge de un grupo de amigos que ten\u00edan en com\u00fan su amor por la naturaleza en distintas vertientes y que se juntaron, en principio, para organizar acampadas y excursiones. La parte reivindicativa llegar\u00eda despu\u00e9s. \u201cMi amigo Toni Zaragoz\u00ed, a quien le gusta anillar p\u00e1jaros, contact\u00f3 conmigo que soy ge\u00f3logo para salir a buscar f\u00f3siles y se nos uni\u00f3 gente a la que le gustaba bajar a cuevas o fotografiar la naturaleza. Nos juntamos en la Biblioteca Municipal de La Vila Joiosa y ah\u00ed surgi\u00f3 la idea de hacer un grupo naturalista y, despu\u00e9s, de reivindicar atentados medioambientales\u201d, relata.<\/p>   <p>Entre las acciones reivindicativas destacan la campa\u00f1a auton\u00f3mica \u201cSalvem el Bosc\u201d, su posicionamiento en contra de la central nuclear de Cofrentes, las protestas \u201cFora la sexta flota\u201d contra la llegada de portaviones americanos \u201cque ven\u00edan a veranear a Benidorm\u201d en la d\u00e9cada de los 90, sus protestas contra la urbanizaci\u00f3n de Mont Benidorm \u201cporque hab\u00eda indicios de restos arqueol\u00f3gicos como despu\u00e9s se ha demostrado\u201d con el descubrimiento del Castellum romano del Tossal de La Cala y, m\u00e1s recientemente, sus cr\u00edticas a hacia<a href=\"https:\/\/cadenaser.com\/comunitat-valenciana\/2022\/08\/22\/benidorm-aprueba-las-obras-para-reducir-la-llegada-de-agua-de-los-barrancos-a-la-playa-de-poniente-radio-benidorm\/\" target=\"_blank\" rel=\"noopener\"> los vertidos de aguas sin depurar en el Parque Natural de Serra Gelada.<\/a><\/p>   <p>En su vertiente m\u00e1s did\u00e1ctica El Xoriguer ayud\u00f3 a implantar el D\u00eda de la Bici en La Vila Joiosa que ya lleva 24 ediciones y ha realizado campa\u00f1as educativas de conservaci\u00f3n de nidos de aves insect\u00edvoras como el vencejo o la golondrina.<\/p>   <p>Tambi\u00e9n ha elaborado el Libro de \u00c1rboles Singulares de La Vila Joiosa. Un cat\u00e1logo con m\u00e1s de 240 p\u00e1ginas que se present\u00f3 el 2 de junio de 2022 y que pretende ser una herramienta para proteger el patrimonio arb\u00f3reo. \u201cEs un libro que puede hacer cualquier municipio porque son muchos los \u00e1rboles que est\u00e1n protegidos: las palmeras datileras, si tienen m\u00e1s de 12 metros de altura, est\u00e1n protegidas por la legislaci\u00f3n auton\u00f3mica y los olivos de m\u00e1s de 350 a\u00f1os, tambi\u00e9n\u201d, explica.<\/p>   <p>Adem\u00e1s el libro incluye una secci\u00f3n con fotograf\u00edas antiguas y actuales de las mismas zonas \u201cpara ver c\u00f3mo ha evolucionado la poblaci\u00f3n\u201d.<\/p>   <p>Tal es la pasi\u00f3n de Vaello por la conservaci\u00f3n del patrimonio arb\u00f3reo que incluso ha buscado personalmente ubicaci\u00f3n para los \u00e1rboles que tuvieran de ser retirados de un plan parcial en desarrollo para evitar que fueran talados. \u201cRecuperamos olivos de la variante de Benidorm que est\u00e1n plantados en Villajoyosa en el IES Malladeta o la rotonda del polideportivo Maisa Lloret\u201d, concluye.<\/p> ","protected":false},"excerpt":{"rendered":"<p>Recibe el premio por sus d\u00e9cadas de reivindicaciones en pro de la conservaci\u00f3n del patrimonio natural de la Marina Baixa y por sus iniciativas educativas medioambientales<\/p>\n","protected":false},"author":0,"featured_media":2759,"comment_status":"open","ping_status":"open","sticky":false,"template":"","format":"standard","meta":{"_acf_changed":false,"footnotes":""},"categories":[1],"tags":[],"class_list":["post-2758","post","type-post","status-publish","format-standard","has-post-thumbnail","hentry","category-sin-categoria"],"acf":{"ser_id":"CJ2C2U2JOZBPJJB6MKKSJKEM6E","ser_url":"https:\/\/cadenaser.com\/comunitat-valenciana\/2024\/02\/27\/grupo-ecologista-xoriguer-premio-radio-benidorm-al-medio-ambiente-radio-benidorm\/"},"_links":{"self":[{"href":"https:\/\/serbenidorm.daliisolutions.com\/index.php\/wp-json\/wp\/v2\/posts\/2758","targetHints":{"allow":["GET"]}}],"collection":[{"href":"https:\/\/serbenidorm.daliisolutions.com\/index.php\/wp-json\/wp\/v2\/posts"}],"about":[{"href":"https:\/\/serbenidorm.daliisolutions.com\/index.php\/wp-json\/wp\/v2\/types\/post"}],"replies":[{"embeddable":true,"href":"https:\/\/serbenidorm.daliisolutions.com\/index.php\/wp-json\/wp\/v2\/comments?post=2758"}],"version-history":[{"count":0,"href":"https:\/\/serbenidorm.daliisolutions.com\/index.php\/wp-json\/wp\/v2\/posts\/2758\/revisions"}],"wp:featuredmedia":[{"embeddable":true,"href":"https:\/\/serbenidorm.daliisolutions.com\/index.php\/wp-json\/wp\/v2\/media\/2759"}],"wp:attachment":[{"href":"https:\/\/serbenidorm.daliisolutions.com\/index.php\/wp-json\/wp\/v2\/media?parent=2758"}],"wp:term":[{"taxonomy":"category","embeddable":true,"href":"https:\/\/serbenidorm.daliisolutions.com\/index.php\/wp-json\/wp\/v2\/categories?post=2758"},{"taxonomy":"post_tag","embeddable":true,"href":"https:\/\/serbenidorm.daliisolutions.com\/index.php\/wp-json\/wp\/v2\/tags?post=2758"}],"curies":[{"name":"wp","href":"https:\/\/api.w.org\/{rel}","templated":true}]}}