{"id":2786,"date":"2024-02-28T12:21:34","date_gmt":"2024-02-28T11:21:34","guid":{"rendered":"https:\/\/serbenidorm.daliisolutions.com\/index.php\/2024\/02\/28\/piden-cinco-anos-de-carcel-para-un-hombre-que-apunalo-a-su-pareja-en-un-hotel-de-benidorm\/"},"modified":"2024-02-28T12:21:34","modified_gmt":"2024-02-28T11:21:34","slug":"piden-cinco-anos-de-carcel-para-un-hombre-que-apunalo-a-su-pareja-en-un-hotel-de-benidorm","status":"publish","type":"post","link":"https:\/\/serbenidorm.daliisolutions.com\/index.php\/2024\/02\/28\/piden-cinco-anos-de-carcel-para-un-hombre-que-apunalo-a-su-pareja-en-un-hotel-de-benidorm\/","title":{"rendered":"Piden cinco a\u00f1os de c\u00e1rcel para un hombre que apu\u00f1al\u00f3 a su pareja en un hotel de Benidorm"},"content":{"rendered":"  <p>Benidorm<\/p>   <p>Este mi\u00e9rcoles ha comenzado en la Audiencia Provincial de Alicante el juicio a un hombre acusado de apu\u00f1alar en repetidas ocasiones a su pareja sentimental en un hotel de Benidorm. La Fiscal\u00eda pide para \u00e9l cinco a\u00f1os de c\u00e1rcel.<\/p>   <p>El intento de asesinato ocurri\u00f3 el 23 de abril de 2023 <a href=\"https:\/\/cadenaser.com\/tag\/benidorm\/a\/\" target=\"_blank\" rel=\"noopener\">en el aparcamiento del establecimiento hotelero<\/a> donde, seg\u00fan el ministerio p\u00fablico, el arrestado le clav\u00f3 varias veces una navaja en diferentes partes del cuerpo a la v\u00edctima, sobre todo en la cara y en el pecho, mientras que le manifestaba \u00abte voy a matar\u00bb.<\/p>   <p>Seg\u00fan el<a href=\"https:\/\/cadenaser.com\/tag\/tsjv_tribunal_superior_justicia_valencia\/a\/\" target=\"_blank\" rel=\"noopener\"> Tribunal Superior de Justicia de la Comunitat Valenciana (TSJCV)<\/a>, en el momento de los hechos el encausado sufr\u00eda enfermedades que pueden ocasionar un deterioro cerebral y de control emocional.<\/p>   <p>La fiscal\u00eda pide inicialmente cinco a\u00f1os de c\u00e1rcel por un delito de homicidio en grado de tentativa con la eximente incompleta de alteraci\u00f3n ps\u00edquica y las agravantes de parentesco y de g\u00e9nero al ser pareja sentimental.<\/p> ","protected":false},"excerpt":{"rendered":"<p>Mientras le dec\u00eda: \u00abTe voy a matar\u00bb<\/p>\n","protected":false},"author":0,"featured_media":2787,"comment_status":"open","ping_status":"open","sticky":false,"template":"","format":"standard","meta":{"_acf_changed":false,"footnotes":""},"categories":[1],"tags":[],"class_list":["post-2786","post","type-post","status-publish","format-standard","has-post-thumbnail","hentry","category-sin-categoria"],"acf":{"ser_id":"HZRMUKJX6BEGXGEPAGSTGUHKZ4","ser_url":"https:\/\/cadenaser.com\/comunitat-valenciana\/2024\/02\/28\/piden-cinco-anos-de-carcel-para-un-hombre-que-apunalo-a-su-pareja-en-un-hotel-de-benidorm-radio-benidorm\/"},"_links":{"self":[{"href":"https:\/\/serbenidorm.daliisolutions.com\/index.php\/wp-json\/wp\/v2\/posts\/2786","targetHints":{"allow":["GET"]}}],"collection":[{"href":"https:\/\/serbenidorm.daliisolutions.com\/index.php\/wp-json\/wp\/v2\/posts"}],"about":[{"href":"https:\/\/serbenidorm.daliisolutions.com\/index.php\/wp-json\/wp\/v2\/types\/post"}],"replies":[{"embeddable":true,"href":"https:\/\/serbenidorm.daliisolutions.com\/index.php\/wp-json\/wp\/v2\/comments?post=2786"}],"version-history":[{"count":0,"href":"https:\/\/serbenidorm.daliisolutions.com\/index.php\/wp-json\/wp\/v2\/posts\/2786\/revisions"}],"wp:featuredmedia":[{"embeddable":true,"href":"https:\/\/serbenidorm.daliisolutions.com\/index.php\/wp-json\/wp\/v2\/media\/2787"}],"wp:attachment":[{"href":"https:\/\/serbenidorm.daliisolutions.com\/index.php\/wp-json\/wp\/v2\/media?parent=2786"}],"wp:term":[{"taxonomy":"category","embeddable":true,"href":"https:\/\/serbenidorm.daliisolutions.com\/index.php\/wp-json\/wp\/v2\/categories?post=2786"},{"taxonomy":"post_tag","embeddable":true,"href":"https:\/\/serbenidorm.daliisolutions.com\/index.php\/wp-json\/wp\/v2\/tags?post=2786"}],"curies":[{"name":"wp","href":"https:\/\/api.w.org\/{rel}","templated":true}]}}